{"id":16000,"date":"2026-01-09T13:01:48","date_gmt":"2026-01-09T13:01:48","guid":{"rendered":"https:\/\/informacionlocal.es\/la-lucha-canaria-majorera-se-vuelca-con-la-solidaridad-en-el-terrero-de-antigua\/"},"modified":"2026-01-09T13:01:48","modified_gmt":"2026-01-09T13:01:48","slug":"la-lucha-canaria-majorera-se-vuelca-con-la-solidaridad-en-el-terrero-de-antigua","status":"publish","type":"post","link":"https:\/\/informacionlocal.es\/de\/la-lucha-canaria-majorera-se-vuelca-con-la-solidaridad-en-el-terrero-de-antigua\/","title":{"rendered":"La lucha canaria majorera se vuelca con la solidaridad en el terrero de Antigua"},"content":{"rendered":"<div class=\"entry-content\"><strong>9 enero, 2026<\/strong><\/p>\n<p><strong><em>La luchada entre el CL Uni\u00f3n Antigua y el Rosario CL destinar\u00e1 su<br \/>\nrecaudaci\u00f3n a apoyar a ni\u00f1os y familias afectadas por el c\u00e1ncer infantil<\/em><\/strong><\/p>\n<p>El pr\u00f3ximo encuentro de la Liga Cabildo de Fuerteventura<br \/>\nOPC-Sumytrans de Lucha Canaria ser\u00e1 solidario en favor de la Fundaci\u00f3n Peque\u00f1o<br \/>\nValiente, gracias a la iniciativa del Club de Lucha Uni\u00f3n Antigua. Todo lo<br \/>\nrecaudado en el encuentro entre el C.L. Uni\u00f3n Antigua y Rosario Club de Lucha<br \/>\nde este s\u00e1bado, 10 de enero, a las 20.30 horas, en el terrero de Antigua, ir\u00e1<br \/>\ndestinado a esta fundaci\u00f3n, que desarrolla una importante labor de apoyo a<br \/>\nni\u00f1os y ni\u00f1as con c\u00e1ncer y a sus familias.<\/p>\n<p>El Cabildo de Fuerteventura invita a la afici\u00f3n y ciudadan\u00eda<br \/>\ngeneral a participar en un encuentro, que adquiere un significado especial al<br \/>\ntener un marcado car\u00e1cter ben\u00e9fico.<\/p>\n<p>La presidenta insular, Lola Garc\u00eda, recalca la importancia de proyectos<br \/>\ncomo este, se\u00f1alando que \u201cla lucha canaria vuelve a demostrar que, adem\u00e1s de<br \/>\nser un s\u00edmbolo de nuestra identidad, es un ejemplo de compromiso y solidaridad<br \/>\ncon quienes m\u00e1s lo necesitan\u201d.<\/p>\n<p>Por su parte, el consejero de Deportes, Luis Gonz\u00e1lez, agradece la<br \/>\niniciativa del Club de Lucha Uni\u00f3n Antigua y anima a asistir a la afici\u00f3n a<br \/>\n\u201cuna cita que permite disfrutar de las tradiciones a la vez que se apoya una<br \/>\ncausa ben\u00e9fica\u201d.<\/p>\n<p>Desde el Cabildo se destaca el compromiso del deporte majorero con<br \/>\nlas causas sociales, poniendo en valor la implicaci\u00f3n de los clubes<br \/>\nparticipantes y la capacidad de la lucha canaria para convertirse en un espacio<br \/>\nde solidaridad, convivencia y apoyo mutuo.<\/p>\n<\/div>\n","protected":false},"excerpt":{"rendered":"<p>9 enero, 2026 La luchada entre el CL Uni\u00f3n Antigua y el Rosario CL destinar\u00e1 su recaudaci\u00f3n a apoyar a ni\u00f1os y familias afectadas por el c\u00e1ncer infantil El pr\u00f3ximo [&hellip;]<\/p>\n","protected":false},"author":1,"featured_media":16002,"comment_status":"open","ping_status":"open","sticky":false,"template":"","format":"standard","meta":{"inline_featured_image":false,"jnews-multi-image_gallery":[],"jnews_single_post":[],"jnews_primary_category":[],"jnews_social_meta":[],"jnews_override_counter":[],"jnews_post_split":[],"footnotes":""},"categories":[58],"tags":[82],"class_list":["post-16000","post","type-post","status-publish","format-standard","has-post-thumbnail","hentry","category-cabildo","tag-fuerteventura"],"jetpack_featured_media_url":"https:\/\/informacionlocal.es\/wp-content\/uploads\/2026\/01\/whatsapp-image-2026-01-08-at-10-44-11.jpeg","_links":{"self":[{"href":"https:\/\/informacionlocal.es\/de\/wp-json\/wp\/v2\/posts\/16000","targetHints":{"allow":["GET"]}}],"collection":[{"href":"https:\/\/informacionlocal.es\/de\/wp-json\/wp\/v2\/posts"}],"about":[{"href":"https:\/\/informacionlocal.es\/de\/wp-json\/wp\/v2\/types\/post"}],"author":[{"embeddable":true,"href":"https:\/\/informacionlocal.es\/de\/wp-json\/wp\/v2\/users\/1"}],"replies":[{"embeddable":true,"href":"https:\/\/informacionlocal.es\/de\/wp-json\/wp\/v2\/comments?post=16000"}],"version-history":[{"count":0,"href":"https:\/\/informacionlocal.es\/de\/wp-json\/wp\/v2\/posts\/16000\/revisions"}],"wp:featuredmedia":[{"embeddable":true,"href":"https:\/\/informacionlocal.es\/de\/wp-json\/wp\/v2\/media\/16002"}],"wp:attachment":[{"href":"https:\/\/informacionlocal.es\/de\/wp-json\/wp\/v2\/media?parent=16000"}],"wp:term":[{"taxonomy":"category","embeddable":true,"href":"https:\/\/informacionlocal.es\/de\/wp-json\/wp\/v2\/categories?post=16000"},{"taxonomy":"post_tag","embeddable":true,"href":"https:\/\/informacionlocal.es\/de\/wp-json\/wp\/v2\/tags?post=16000"}],"curies":[{"name":"wp","href":"https:\/\/api.w.org\/{rel}","templated":true}]}}