{"id":15934,"date":"2026-01-07T19:00:49","date_gmt":"2026-01-07T19:00:49","guid":{"rendered":"https:\/\/informacionlocal.es\/la-ermita-de-san-pedro-de-alcantara-acoge-la-presentacion-de-la-restauracion-de-tres-de-sus-cuadros-historicos\/"},"modified":"2026-01-07T19:00:49","modified_gmt":"2026-01-07T19:00:49","slug":"la-ermita-de-san-pedro-de-alcantara-acoge-la-presentacion-de-la-restauracion-de-tres-de-sus-cuadros-historicos","status":"publish","type":"post","link":"https:\/\/informacionlocal.es\/de\/la-ermita-de-san-pedro-de-alcantara-acoge-la-presentacion-de-la-restauracion-de-tres-de-sus-cuadros-historicos\/","title":{"rendered":"La Ermita de San Pedro de Alc\u00e1ntara acoge la presentaci\u00f3n de la restauraci\u00f3n de tres de sus cuadros hist\u00f3ricos"},"content":{"rendered":"<div class=\"entry-content\"><strong>7 enero, 2026<\/strong><\/p>\n<p><strong>La intervenci\u00f3n forma parte del Convenio de Colaboraci\u00f3n entre Patrimonio Cultural del Cabildo de Fuerteventura y la Di\u00f3cesis de Canarias <\/strong><\/p>\n<p>La Ermita de San Pedro de Alc\u00e1ntara, ubicada en La Ampuyenta, acoge la presentaci\u00f3n p\u00fablica de la restauraci\u00f3n de tres de sus cuadros, una intervenci\u00f3n que se enmarca dentro del Convenio de Cooperaci\u00f3n entre el Cabildo de Fuerteventura y el Obispado de la Di\u00f3cesis de Canarias. El acto tendr\u00e1 lugar el pr\u00f3ximo jueves 15 de enero, a las 19.30 horas.<\/p>\n<p>El acto contar\u00e1 con la participaci\u00f3n de la restauradora Chus Morante, responsable de los trabajos, quien explicar\u00e1 en detalle el proceso de intervenci\u00f3n llevado a cabo para recuperar y conservar estas obras de alto valor art\u00edstico, hist\u00f3rico y patrimonial. La restauraci\u00f3n ha permitido frenar el deterioro de las piezas, recuperar elementos originales y garantizar su adecuada preservaci\u00f3n para las generaciones futuras.<\/p>\n<p>Esta actuaci\u00f3n se enmarca dentro del compromiso conjunto de la Corporaci\u00f3n insular y el Obispado con la protecci\u00f3n, conservaci\u00f3n y difusi\u00f3n del patrimonio hist\u00f3rico-religioso de la isla, poniendo en valor bienes culturales que forman parte de la identidad colectiva majorera.<\/p>\n<p>El consejero insular de Patrimonio Cultural, Rayco Le\u00f3n, pone en valor una presentaci\u00f3n que ofrece a la ciudadan\u00eda una oportunidad \u00fanica para conocer de primera mano el trabajo que se lleva a cabo para la restauraci\u00f3n de obras de arte, as\u00ed como para redescubrir unas piezas fundamentales del legado cultural de la Ermita de San Pedro de Alc\u00e1ntara.<\/p>\n<\/div>\n","protected":false},"excerpt":{"rendered":"<p>7 enero, 2026 La intervenci\u00f3n forma parte del Convenio de Colaboraci\u00f3n entre Patrimonio Cultural del Cabildo de Fuerteventura y la Di\u00f3cesis de Canarias La Ermita de San Pedro de Alc\u00e1ntara, [&hellip;]<\/p>\n","protected":false},"author":1,"featured_media":15936,"comment_status":"open","ping_status":"open","sticky":false,"template":"","format":"standard","meta":{"inline_featured_image":false,"jnews-multi-image_gallery":[],"jnews_single_post":[],"jnews_primary_category":[],"jnews_social_meta":[],"jnews_override_counter":[],"jnews_post_split":[],"footnotes":""},"categories":[58],"tags":[82,419],"class_list":["post-15934","post","type-post","status-publish","format-standard","has-post-thumbnail","hentry","category-cabildo","tag-fuerteventura","tag-patrimonio-cultural"],"jetpack_featured_media_url":"https:\/\/informacionlocal.es\/wp-content\/uploads\/2026\/01\/restauracic3b3n-cuadros.jpeg","_links":{"self":[{"href":"https:\/\/informacionlocal.es\/de\/wp-json\/wp\/v2\/posts\/15934","targetHints":{"allow":["GET"]}}],"collection":[{"href":"https:\/\/informacionlocal.es\/de\/wp-json\/wp\/v2\/posts"}],"about":[{"href":"https:\/\/informacionlocal.es\/de\/wp-json\/wp\/v2\/types\/post"}],"author":[{"embeddable":true,"href":"https:\/\/informacionlocal.es\/de\/wp-json\/wp\/v2\/users\/1"}],"replies":[{"embeddable":true,"href":"https:\/\/informacionlocal.es\/de\/wp-json\/wp\/v2\/comments?post=15934"}],"version-history":[{"count":0,"href":"https:\/\/informacionlocal.es\/de\/wp-json\/wp\/v2\/posts\/15934\/revisions"}],"wp:featuredmedia":[{"embeddable":true,"href":"https:\/\/informacionlocal.es\/de\/wp-json\/wp\/v2\/media\/15936"}],"wp:attachment":[{"href":"https:\/\/informacionlocal.es\/de\/wp-json\/wp\/v2\/media?parent=15934"}],"wp:term":[{"taxonomy":"category","embeddable":true,"href":"https:\/\/informacionlocal.es\/de\/wp-json\/wp\/v2\/categories?post=15934"},{"taxonomy":"post_tag","embeddable":true,"href":"https:\/\/informacionlocal.es\/de\/wp-json\/wp\/v2\/tags?post=15934"}],"curies":[{"name":"wp","href":"https:\/\/api.w.org\/{rel}","templated":true}]}}