{"id":15850,"date":"2025-12-30T19:59:51","date_gmt":"2025-12-30T19:59:51","guid":{"rendered":"https:\/\/informacionlocal.es\/el-ayuntamiento-de-pajara-comienza-las-demoliciones-de-edificaciones-en-mal-estado-en-las-zonas-verdes-de-costa-calma\/"},"modified":"2025-12-30T19:59:51","modified_gmt":"2025-12-30T19:59:51","slug":"el-ayuntamiento-de-pajara-comienza-las-demoliciones-de-edificaciones-en-mal-estado-en-las-zonas-verdes-de-costa-calma","status":"publish","type":"post","link":"https:\/\/informacionlocal.es\/de\/el-ayuntamiento-de-pajara-comienza-las-demoliciones-de-edificaciones-en-mal-estado-en-las-zonas-verdes-de-costa-calma\/","title":{"rendered":"El Ayuntamiento de P\u00e1jara comienza las demoliciones de edificaciones en mal estado en las zonas verdes de Costa Calma\u00a0"},"content":{"rendered":"<div class=\"entry-content\">\n<p><b><i>La Concejal\u00eda de Urbanismo y Obras inicia hoy las actuaciones para la recuperaci\u00f3n y mejora de los espacios p\u00fablicos de la localidad\u00a0<\/i><\/b><\/p>\n<p><span>La Concejal\u00eda de Urbanismo y Obras del Ayuntamiento de P\u00e1jara ha aprobado el proyecto de obras y demolici\u00f3n de diversas edificaciones que se encontraban en mal estado dentro de las zonas verdes de Costa Calma, con el objetivo de mejorar la seguridad y la recuperaci\u00f3n ambiental de los espacios p\u00fablicos.\u00a0<\/span><\/p>\n<p><span>El concejal de Urbanismo y Obras, Alexis Alonso, se\u00f1al\u00f3 que \u201clas demoliciones han comenzado en el d\u00eda de hoy, dando inicio a una actuaci\u00f3n planificada que permitir\u00e1 la eliminaci\u00f3n de construcciones deterioradas que supon\u00edan un riesgo potencial\u201d. Asimismo, indic\u00f3 que \u201cen los pr\u00f3ximos meses se continuar\u00e1 con los trabajos de limpieza y acondicionamiento de las zonas verdes\u201d.\u00a0\u00a0<\/span><\/p>\n<p><span>El alcalde de P\u00e1jara, Alejandro Jorge, asegur\u00f3 que \u201cdesde el grupo de gobierno se contin\u00faa trabajando de manera firme para solucionar los problemas de Costa Calma, entre ellos, el compromiso asumido con los vecinos y vecinas de derruir estas edificaciones, una actuaci\u00f3n que iniciamos antes de finalizar el a\u00f1o\u201d.\u00a0<\/span><\/p>\n<p><span>Por su parte, el concejal de Seguridad y Emergencias, Raimundo Dacosta, destac\u00f3 que \u201cestas actuaciones est\u00e1n encaminadas a mejorar la seguridad de la localidad\u201d.\u00a0<\/span><\/p>\n<p>\u00a0<\/p>\n<\/div>\n","protected":false},"excerpt":{"rendered":"<p><i>La Concejal\u00eda de Urbanismo y Obras inicia hoy las actuaciones para la recuperaci\u00f3n y mejora de los espacios p\u00fablicos de la localidad\u00a0<\/i><\/p>\n","protected":false},"author":1,"featured_media":15852,"comment_status":"open","ping_status":"open","sticky":false,"template":"","format":"standard","meta":{"inline_featured_image":false,"jnews-multi-image_gallery":[],"jnews_single_post":[],"jnews_primary_category":[],"jnews_social_meta":[],"jnews_override_counter":[],"jnews_post_split":[],"footnotes":""},"categories":[63],"tags":[],"class_list":["post-15850","post","type-post","status-publish","format-standard","has-post-thumbnail","hentry","category-pajara"],"jetpack_featured_media_url":"https:\/\/informacionlocal.es\/wp-content\/uploads\/2025\/12\/costa-calma.jpeg","_links":{"self":[{"href":"https:\/\/informacionlocal.es\/de\/wp-json\/wp\/v2\/posts\/15850","targetHints":{"allow":["GET"]}}],"collection":[{"href":"https:\/\/informacionlocal.es\/de\/wp-json\/wp\/v2\/posts"}],"about":[{"href":"https:\/\/informacionlocal.es\/de\/wp-json\/wp\/v2\/types\/post"}],"author":[{"embeddable":true,"href":"https:\/\/informacionlocal.es\/de\/wp-json\/wp\/v2\/users\/1"}],"replies":[{"embeddable":true,"href":"https:\/\/informacionlocal.es\/de\/wp-json\/wp\/v2\/comments?post=15850"}],"version-history":[{"count":0,"href":"https:\/\/informacionlocal.es\/de\/wp-json\/wp\/v2\/posts\/15850\/revisions"}],"wp:featuredmedia":[{"embeddable":true,"href":"https:\/\/informacionlocal.es\/de\/wp-json\/wp\/v2\/media\/15852"}],"wp:attachment":[{"href":"https:\/\/informacionlocal.es\/de\/wp-json\/wp\/v2\/media?parent=15850"}],"wp:term":[{"taxonomy":"category","embeddable":true,"href":"https:\/\/informacionlocal.es\/de\/wp-json\/wp\/v2\/categories?post=15850"},{"taxonomy":"post_tag","embeddable":true,"href":"https:\/\/informacionlocal.es\/de\/wp-json\/wp\/v2\/tags?post=15850"}],"curies":[{"name":"wp","href":"https:\/\/api.w.org\/{rel}","templated":true}]}}