{"id":15832,"date":"2025-12-30T17:01:04","date_gmt":"2025-12-30T17:01:04","guid":{"rendered":"https:\/\/informacionlocal.es\/el-cabildo-de-fuerteventura-adjudica-el-proyecto-alumbrado-starlight-en-cofete-y-amplia-a-15-las-luminarias\/"},"modified":"2025-12-30T17:01:04","modified_gmt":"2025-12-30T17:01:04","slug":"el-cabildo-de-fuerteventura-adjudica-el-proyecto-alumbrado-starlight-en-cofete-y-amplia-a-15-las-luminarias","status":"publish","type":"post","link":"https:\/\/informacionlocal.es\/de\/el-cabildo-de-fuerteventura-adjudica-el-proyecto-alumbrado-starlight-en-cofete-y-amplia-a-15-las-luminarias\/","title":{"rendered":"El Cabildo de Fuerteventura adjudica el proyecto \u2018Alumbrado Starlight en Cofete\u2019 y ampl\u00eda a 15 las luminarias"},"content":{"rendered":"<div class=\"entry-content\"><strong>30 diciembre, 2025<\/strong><\/p>\n<p>El\u00a0Cabildo\u00a0de\u00a0Fuerteventura, a trav\u00e9s de la Consejer\u00eda de Turismo,\u00a0cierra el\u00a0a\u00f1o\u00a02025\u00a0con la\u00a0adjudicaci\u00f3n del proyecto \u2018Alumbrado Starlight en Cofete\u2019, que ampl\u00eda los puntos de luz a 15 y cambia las luminarias tradicionales por otras aut\u00f3nomas, sostenibles y respetuosas con las aves y los cielos nocturno. Es decir, Fuerteventura mejora infraestructuras y paisajes de gran simbolismo para los majoreros y majoreras con cargo a la actividad tur\u00edstica a trav\u00e9s de fondos Next Generation UE del Plan de Sostenibilidad Tur\u00edstica en Destino (PSTD). Esta actuaci\u00f3n est\u00e1 incluida en el programa \u2018Fuerte por Naturaleza\u2019.<\/p>\n<p>La mesa de contrataci\u00f3n del Cabildo de Fuerteventura adjudic\u00f3 esta semana el proyecto \u2018Alumbrado Starlight en Cofete\u2019 de la Consejer\u00eda de Turismo. La empresa adjudicataria fue JRM 3.0.S.L., de capital local.<\/p>\n<p>La presidenta del Cabildo, Lola Garc\u00eda, destaca la importancia de fomentar la protecci\u00f3n de la calidad del cielo nocturno majorero, \u201cde gran valor cient\u00edfico, astron\u00f3mico y natural\u201d. Una intervenci\u00f3n que se enmarca dentro de la apuesta del Cabildo por un turismo sostenible, preservando al m\u00e1ximo la integraci\u00f3n paisaj\u00edstica del alumbrado en el entorno, reduciendo la contaminaci\u00f3n lum\u00ednica\u201d.<\/p>\n<p>La consejera de Turismo, Marlene Figueroa, defiende esta actuaci\u00f3n y la importancia de desarrollar una pol\u00edtica tur\u00edstica que \u201creinvierta en destino\u201d como parte de la estrategia de la Consejer\u00eda. \u201cLa gesti\u00f3n tur\u00edstica, tal y como la entendemos y tal y como la estamos desarrollando, implica generar riqueza para invertirla en la isla, que Fuerteventura, sus econom\u00edas locales y su gente tengan acceso directo a los beneficios que produce el sector\u201d, afirma, \u201cya sea mediante el empleo, la prestaci\u00f3n de servicios, el suministro de bienes o el disfrute de las inversiones que mejoran las infraestructuras y paisajes de la isla\u201d.<\/p>\n<p>Cabe recordar que Cofete es uno de los espacios m\u00e1s ic\u00f3nicos de Fuerteventura y referente de su naturaleza ind\u00f3mita en convivencia con la presencia humana. La adjudicaci\u00f3n delproyecto \u2018Alumbrado Starlight en Cofete\u2019 supone la instalaci\u00f3n de una nueva iluminaci\u00f3n respetuosa con los cielos nocturnos y las aves, adem\u00e1s del incremento de los puntos de luz de los once actuales a 15.<\/p>\n<p>Entre los hitos del proyecto destaca la mejora de la eficiencia energ\u00e9tica en el poblado de Cofete mediante la instalaci\u00f3n de un sistema de alumbrado p\u00fablico fotovoltaico, alineado con los est\u00e1ndares m\u00e1s exigentes en materia de sostenibilidad.<\/p>\n<p>Las luminarias existentes han quedado obsoletas y deterioradas por el efecto de la climatolog\u00eda y el ambiente salino, posibilitando ahora una soluci\u00f3n duradera, aut\u00f3noma y respetuosa con el entorno. Por ello, la intervenci\u00f3n del Cabildo pretende contribuir a la seguridad, calidad y confort en la zona, preservando al m\u00e1ximo su integraci\u00f3n paisaj\u00edstica en sinton\u00eda con las figuras de protecci\u00f3n medioambiental de las que disfruta Cofete.<\/p>\n<\/div>\n","protected":false},"excerpt":{"rendered":"<p>30 diciembre, 2025 El\u00a0Cabildo\u00a0de\u00a0Fuerteventura, a trav\u00e9s de la Consejer\u00eda de Turismo,\u00a0cierra el\u00a0a\u00f1o\u00a02025\u00a0con la\u00a0adjudicaci\u00f3n del proyecto \u2018Alumbrado Starlight en Cofete\u2019, que ampl\u00eda los puntos de luz a 15 y cambia las [&hellip;]<\/p>\n","protected":false},"author":1,"featured_media":15834,"comment_status":"open","ping_status":"open","sticky":false,"template":"","format":"standard","meta":{"inline_featured_image":false,"jnews-multi-image_gallery":[],"jnews_single_post":[],"jnews_primary_category":[],"jnews_social_meta":[],"jnews_override_counter":[],"jnews_post_split":[],"footnotes":""},"categories":[58],"tags":[82,181,72,418],"class_list":["post-15832","post","type-post","status-publish","format-standard","has-post-thumbnail","hentry","category-cabildo","tag-fuerteventura","tag-infraestructuras","tag-integracion","tag-turismo-sostenible"],"jetpack_featured_media_url":"https:\/\/informacionlocal.es\/wp-content\/uploads\/2025\/12\/cofete-1.jpeg","_links":{"self":[{"href":"https:\/\/informacionlocal.es\/de\/wp-json\/wp\/v2\/posts\/15832","targetHints":{"allow":["GET"]}}],"collection":[{"href":"https:\/\/informacionlocal.es\/de\/wp-json\/wp\/v2\/posts"}],"about":[{"href":"https:\/\/informacionlocal.es\/de\/wp-json\/wp\/v2\/types\/post"}],"author":[{"embeddable":true,"href":"https:\/\/informacionlocal.es\/de\/wp-json\/wp\/v2\/users\/1"}],"replies":[{"embeddable":true,"href":"https:\/\/informacionlocal.es\/de\/wp-json\/wp\/v2\/comments?post=15832"}],"version-history":[{"count":0,"href":"https:\/\/informacionlocal.es\/de\/wp-json\/wp\/v2\/posts\/15832\/revisions"}],"wp:featuredmedia":[{"embeddable":true,"href":"https:\/\/informacionlocal.es\/de\/wp-json\/wp\/v2\/media\/15834"}],"wp:attachment":[{"href":"https:\/\/informacionlocal.es\/de\/wp-json\/wp\/v2\/media?parent=15832"}],"wp:term":[{"taxonomy":"category","embeddable":true,"href":"https:\/\/informacionlocal.es\/de\/wp-json\/wp\/v2\/categories?post=15832"},{"taxonomy":"post_tag","embeddable":true,"href":"https:\/\/informacionlocal.es\/de\/wp-json\/wp\/v2\/tags?post=15832"}],"curies":[{"name":"wp","href":"https:\/\/api.w.org\/{rel}","templated":true}]}}