{"id":15802,"date":"2025-12-29T17:59:42","date_gmt":"2025-12-29T17:59:42","guid":{"rendered":"https:\/\/informacionlocal.es\/el-pleno-del-cabildo-aprueba-un-presupuesto-de-mas-de-183-millones-de-euros-centrado-en-lo-social-la-atencion-a-las-personas-y-las-infraestructuras-basicas\/"},"modified":"2025-12-29T17:59:42","modified_gmt":"2025-12-29T17:59:42","slug":"el-pleno-del-cabildo-aprueba-un-presupuesto-de-mas-de-183-millones-de-euros-centrado-en-lo-social-la-atencion-a-las-personas-y-las-infraestructuras-basicas","status":"publish","type":"post","link":"https:\/\/informacionlocal.es\/de\/el-pleno-del-cabildo-aprueba-un-presupuesto-de-mas-de-183-millones-de-euros-centrado-en-lo-social-la-atencion-a-las-personas-y-las-infraestructuras-basicas\/","title":{"rendered":"El Pleno del Cabildo aprueba un presupuesto de m\u00e1s de 183 millones de euros centrado en lo social, la atenci\u00f3n a las personas y las infraestructuras b\u00e1sicas"},"content":{"rendered":"<div class=\"entry-content\"><strong>29 diciembre, 2025<\/strong><\/p>\n<p>El Pleno del Cabildo de Fuerteventura ha<br \/>\naprobado hoy el presupuesto general para 2026 que asciende a 183.046.000 euros.<br \/>\nUn presupuesto pensado para la atenci\u00f3n a las personas, reforzar los servicios<br \/>\np\u00fablicos y seguir progresando en la modernizaci\u00f3n de la Isla. Supone, adem\u00e1s,<br \/>\nun incremento de m\u00e1s de 13 millones de euros, un 8%, con respecto al ejercicio<br \/>\nanterior, seg\u00fan ha explicado la presidenta insular, Lola Garc\u00eda.<\/p>\n<p>La presidenta del Cabildo ha agradecido que<br \/>\neste esfuerzo presupuestario haya sido aprobado por la mayor parte del<br \/>\nplenario. Unas cuentas que van a permitir a la instituci\u00f3n seguir trabajando<br \/>\npor el bienestar de las personas, con una direcci\u00f3n clara, gracias a la<br \/>\nplanificaci\u00f3n y la gesti\u00f3n. \u00a0\u201cUn<br \/>\npresupuesto que habla de prioridades, decisiones y compromiso con esta Isla\u201d.<\/p>\n<p>Entre las prioridades de la Corporaci\u00f3n<br \/>\ninsular para 2026, destacan la atenci\u00f3n a las personas, la inversi\u00f3n dirigida a<br \/>\nlas infraestructuras b\u00e1sicas, as\u00ed como impulsar el deporte, apoyar a la<br \/>\njuventud y la movilidad, entre otras cuestiones prioritarias.<\/p>\n<p>En palabras de Nuria Cabrera, consejera de<br \/>\nHacienda, \u201ceste es un presupuesto que fortalece lo social y pone las cuentas al<br \/>\nservicio de las personas, al mismo tiempo que se apuesta por la modernizaci\u00f3n<br \/>\nde nuestras infraestructuras\u201d. \u00a0<\/p>\n<p>\u201cEn definitiva, un presupuesto s\u00f3lido, fruto de<br \/>\nla gesti\u00f3n seria y responsable de esta Corporaci\u00f3n, demostrando capacidad real<br \/>\nde inversi\u00f3n. El presupuesto que necesita Fuerteventura para 2026, dando<br \/>\nrespuesta a las demandas de la poblaci\u00f3n\u201d.<\/p>\n<p>En representaci\u00f3n del grupo PSOE, Marlene<br \/>\nFigueroa, se\u00f1al\u00f3 que \u201cel presupuesto de 2026 da respuesta a las demandas<br \/>\nsociales, apoya al tejido productivo de la Isla e impulsa las pol\u00edticas en<br \/>\nmateria de vivienda, entre otras grandes prioridades, como la movilidad o las<br \/>\ninfraestructuras b\u00e1sicas, generando oportunidades para el presente y el futuro\u201d.<\/p>\n<p>Atendiendo a estos grandes bloques, se<br \/>\nrefuerzan las pol\u00edticas sociales, recibiendo esta \u00e1rea casi 30 millones de<br \/>\neuros del presupuesto, destacando m\u00e1s de 15 millones para programas sociales,<br \/>\natenci\u00f3n a las personas dependientes, la igualdad o la inclusi\u00f3n, y un impulso<br \/>\ndecisivo a la Residencia Sociosanitaria de Mayores de Gran Tarajal. Se mantiene<br \/>\nel apoyo continuado al tercer sector.<\/p>\n<p>La gesti\u00f3n de residuos es un eje estructural y<br \/>\nuna prioridad absoluta, con 7,42 millones de euros, afrontando uno de los<br \/>\ngrandes retos insulares. Una inversi\u00f3n que permitir\u00e1 avanzar hacia un modelo<br \/>\nm\u00e1s sostenible, con actuaciones destinadas a modernizar procesos, reforzar la<br \/>\nclasificaci\u00f3n, mejorar infraestructuras y apoyar la gesti\u00f3n municipal.<\/p>\n<p>Las infraestructuras b\u00e1sicas reciben 43<br \/>\nmillones de euros, con 9,6 millones de euros para carreteras y otras partidas<br \/>\npara infraestructuras municipales y sectoriales. A trav\u00e9s de los planes de<br \/>\ncooperaci\u00f3n municipal, se destinan 19 millones de euros a actuaciones que hacen<br \/>\nposible la vivienda, a trav\u00e9s de infraestructuras b\u00e1sicas que financian<br \/>\nurbanizaci\u00f3n, saneamiento, redes de agua, accesos y servicios b\u00e1sicos. <\/p>\n<p>Las actuaciones para mejorar el suministro de<br \/>\nagua en la Isla centran gran parte del presupuesto, con 37 millones de euros. La<br \/>\nmovilidad sostenible es otro de los grandes retos, por lo que se destinan m\u00e1s<br \/>\nde 13 millones de euros, reforzando la seguridad y la accesibilidad del<br \/>\ntransporte p\u00fablico, y se mantiene la financiaci\u00f3n del 100% de la gratuidad de<br \/>\nlas guaguas para residentes.<\/p>\n<p>Los j\u00f3venes son otra de las prioridades<br \/>\nabsolutas para el Cabildo, por lo que los proyectos juveniles y educativos se<br \/>\nimpulsan con 6,6 millones de euros para el fomento del talento joven, el<br \/>\narraigo y la participaci\u00f3n juvenil, adem\u00e1s de una programaci\u00f3n cultural<br \/>\ndescentralizada por toda la Isla con 5,4 millones de euros. El deporte base y<br \/>\naut\u00f3ctono se apoya con 4,1 millones, que incluyen la modernizaci\u00f3n de<br \/>\ninstalaciones deportivas y municipales.<\/p>\n<p>El Cabildo realiza, adem\u00e1s, un importante<br \/>\nesfuerzo en becas con 4,2 millones de euros en ayudas educativas, juveniles y<br \/>\napoyo a las familias, mientras que 2,1 millones de euros se dirigen a apoyar al<br \/>\ntejido empresarial y comercio. En total, 12,48 millones de euros se destinan al<br \/>\napoyo integrado en el \u00e1rea de Cultura y Promoci\u00f3n Econ\u00f3mica. Adem\u00e1s, dentro del<br \/>\ncompromiso del Cabildo de Fuerteventura con la sostenibilidad, se incrementa el<br \/>\napoyo al sector primario con m\u00e1s de 5 millones de euros, entre otras \u00e1reas<br \/>\ndestacadas.<\/p>\n<\/div>\n","protected":false},"excerpt":{"rendered":"<p>29 diciembre, 2025 El Pleno del Cabildo de Fuerteventura ha aprobado hoy el presupuesto general para 2026 que asciende a 183.046.000 euros. Un presupuesto pensado para la atenci\u00f3n a las [&hellip;]<\/p>\n","protected":false},"author":1,"featured_media":15804,"comment_status":"open","ping_status":"open","sticky":false,"template":"","format":"standard","meta":{"inline_featured_image":false,"jnews-multi-image_gallery":[],"jnews_single_post":[],"jnews_primary_category":[],"jnews_social_meta":[],"jnews_override_counter":[],"jnews_post_split":[],"footnotes":""},"categories":[58],"tags":[82],"class_list":["post-15802","post","type-post","status-publish","format-standard","has-post-thumbnail","hentry","category-cabildo","tag-fuerteventura"],"jetpack_featured_media_url":"https:\/\/informacionlocal.es\/wp-content\/uploads\/2025\/12\/1767011002-c9ea8f4812d12ae911afd88b15c11e0d.jpg","_links":{"self":[{"href":"https:\/\/informacionlocal.es\/de\/wp-json\/wp\/v2\/posts\/15802","targetHints":{"allow":["GET"]}}],"collection":[{"href":"https:\/\/informacionlocal.es\/de\/wp-json\/wp\/v2\/posts"}],"about":[{"href":"https:\/\/informacionlocal.es\/de\/wp-json\/wp\/v2\/types\/post"}],"author":[{"embeddable":true,"href":"https:\/\/informacionlocal.es\/de\/wp-json\/wp\/v2\/users\/1"}],"replies":[{"embeddable":true,"href":"https:\/\/informacionlocal.es\/de\/wp-json\/wp\/v2\/comments?post=15802"}],"version-history":[{"count":0,"href":"https:\/\/informacionlocal.es\/de\/wp-json\/wp\/v2\/posts\/15802\/revisions"}],"wp:featuredmedia":[{"embeddable":true,"href":"https:\/\/informacionlocal.es\/de\/wp-json\/wp\/v2\/media\/15804"}],"wp:attachment":[{"href":"https:\/\/informacionlocal.es\/de\/wp-json\/wp\/v2\/media?parent=15802"}],"wp:term":[{"taxonomy":"category","embeddable":true,"href":"https:\/\/informacionlocal.es\/de\/wp-json\/wp\/v2\/categories?post=15802"},{"taxonomy":"post_tag","embeddable":true,"href":"https:\/\/informacionlocal.es\/de\/wp-json\/wp\/v2\/tags?post=15802"}],"curies":[{"name":"wp","href":"https:\/\/api.w.org\/{rel}","templated":true}]}}