{"id":15790,"date":"2025-12-29T11:59:54","date_gmt":"2025-12-29T11:59:54","guid":{"rendered":"https:\/\/informacionlocal.es\/fiesta-fin-de-ano-en-caleta-de-fuste-con-campanadas-fuegos-y-espectaculo-de-luces\/"},"modified":"2025-12-29T11:59:54","modified_gmt":"2025-12-29T11:59:54","slug":"fiesta-fin-de-ano-en-caleta-de-fuste-con-campanadas-fuegos-y-espectaculo-de-luces","status":"publish","type":"post","link":"https:\/\/informacionlocal.es\/de\/fiesta-fin-de-ano-en-caleta-de-fuste-con-campanadas-fuegos-y-espectaculo-de-luces\/","title":{"rendered":"Fiesta Fin de A\u00f1o en Caleta de Fuste con Campanadas, Fuegos y Espect\u00e1culo de Luces"},"content":{"rendered":"<div class=\"elementor-widget-container\">\n<p><strong>Fiesta Fin de A\u00f1o en Caleta de Fuste con Campanadas, Fuegos y Espect\u00e1culo de Luces<\/strong><\/p>\n<p><strong>\u2022 Caleta de Fuste se prepara para una Gran Fiesta de Fin de A\u00f1o desde las 22:00 y hasta 03:00 horas con M\u00fasica en Directo, espect\u00e1culo pirot\u00e9cnico y Show de Luces. <\/strong><br \/><strong>\u2022 La plaza del Castillo despide el a\u00f1o a lo grande con las actuaciones de Hits, Marco &amp; Cougars, Miguel Lara y el DJ Chik.<\/strong><\/p>\n<p>El Ayuntamiento de Antigua desde la concejal\u00eda de Turismo organiza una gran Fiesta Fin de A\u00f1o en la Plaza del Castillo, anuncia el alcalde, Mat\u00edas Pe\u00f1a Garc\u00eda, por supuesto, de entrada libre y gratuita, ofreciendo conciertos en vivo, atracciones y sorpresas para todos y todas las asistentes, adem\u00e1s de disfrutar juntos de las Campanadas en directo en una gran pantalla Led, seguidas del espect\u00e1culo de luces y los Fuegos artificiales para despedir el a\u00f1o y dar la bienvenida al nuevo.<\/p>\n<p>La fiesta est\u00e1 programada para el 31 de diciembre, comenzando a las 22:00 horas y extendi\u00e9ndose hasta las 03:00 de la madrugada ya del a\u00f1o 2026, se\u00f1ala la concejala organizadora, Kristina Rodewig, una magn\u00edfica noche que contar\u00e1 con las actuaciones musicales de los grupos The Hits, Marco &amp; The Cougars, Miguel Lara y el DJ Chik, asegurando un ambiente festivo para todas y todos los asistentes.<\/p>\n<p>Adem\u00e1s de la m\u00fasica en vivo, los asistentes podr\u00e1n disfrutar de las campanadas en directo, seguido de un espectacular show de luces sobre el escenario y los Fuegos Artificiales en el cielo que podr\u00e1n contemplarse desde la plaza y la playa del Castillo.<\/p>\n<p>\u00a0<\/p>\n<\/div>\n","protected":false},"excerpt":{"rendered":"<p><strong>Fiesta Fin de A\u00f1o en Caleta de Fuste con Campanadas, Fuegos y Espect\u00e1culo de Luces<\/strong><\/p>\n","protected":false},"author":1,"featured_media":15792,"comment_status":"open","ping_status":"open","sticky":false,"template":"","format":"standard","meta":{"inline_featured_image":false,"jnews-multi-image_gallery":[],"jnews_single_post":[],"jnews_primary_category":[],"jnews_social_meta":[],"jnews_override_counter":[],"jnews_post_split":[],"footnotes":""},"categories":[59],"tags":[],"class_list":["post-15790","post","type-post","status-publish","format-standard","has-post-thumbnail","hentry","category-antigua"],"jetpack_featured_media_url":"https:\/\/informacionlocal.es\/wp-content\/uploads\/2025\/12\/fiesta-ano-nuevo-cdf.jpeg","_links":{"self":[{"href":"https:\/\/informacionlocal.es\/de\/wp-json\/wp\/v2\/posts\/15790","targetHints":{"allow":["GET"]}}],"collection":[{"href":"https:\/\/informacionlocal.es\/de\/wp-json\/wp\/v2\/posts"}],"about":[{"href":"https:\/\/informacionlocal.es\/de\/wp-json\/wp\/v2\/types\/post"}],"author":[{"embeddable":true,"href":"https:\/\/informacionlocal.es\/de\/wp-json\/wp\/v2\/users\/1"}],"replies":[{"embeddable":true,"href":"https:\/\/informacionlocal.es\/de\/wp-json\/wp\/v2\/comments?post=15790"}],"version-history":[{"count":0,"href":"https:\/\/informacionlocal.es\/de\/wp-json\/wp\/v2\/posts\/15790\/revisions"}],"wp:featuredmedia":[{"embeddable":true,"href":"https:\/\/informacionlocal.es\/de\/wp-json\/wp\/v2\/media\/15792"}],"wp:attachment":[{"href":"https:\/\/informacionlocal.es\/de\/wp-json\/wp\/v2\/media?parent=15790"}],"wp:term":[{"taxonomy":"category","embeddable":true,"href":"https:\/\/informacionlocal.es\/de\/wp-json\/wp\/v2\/categories?post=15790"},{"taxonomy":"post_tag","embeddable":true,"href":"https:\/\/informacionlocal.es\/de\/wp-json\/wp\/v2\/tags?post=15790"}],"curies":[{"name":"wp","href":"https:\/\/api.w.org\/{rel}","templated":true}]}}