{"id":15754,"date":"2025-12-26T12:58:27","date_gmt":"2025-12-26T12:58:27","guid":{"rendered":"https:\/\/informacionlocal.es\/cabildo-y-ayuntamiento-de-antigua-fomentan-el-reciclaje-en-el-municipio-gracias-a-un-convenio-con-ecovidrio\/"},"modified":"2025-12-26T12:58:27","modified_gmt":"2025-12-26T12:58:27","slug":"cabildo-y-ayuntamiento-de-antigua-fomentan-el-reciclaje-en-el-municipio-gracias-a-un-convenio-con-ecovidrio","status":"publish","type":"post","link":"https:\/\/informacionlocal.es\/de\/cabildo-y-ayuntamiento-de-antigua-fomentan-el-reciclaje-en-el-municipio-gracias-a-un-convenio-con-ecovidrio\/","title":{"rendered":"Cabildo y Ayuntamiento de Antigua fomentan el reciclaje en el municipio gracias a un convenio con Ecovidrio"},"content":{"rendered":"<div class=\"entry-content\"><strong>26 diciembre, 2025<\/strong><\/p>\n<p><em><strong>Se repartir\u00e1n contenedores en establecimientos del Canal HORECA (hoteles, restaurantes y cafeter\u00edas) del municipio<\/strong><\/em><\/p>\n<p>El Cabildo de Fuerteventura y el Ayuntamiento<br \/>\nde Antigua han suscrito un convenio de colaboraci\u00f3n con Ecovidrio, la entidad<br \/>\nsin \u00e1nimo de lucro encargada de la gesti\u00f3n del reciclado de los residuos de<br \/>\nenvases de vidrio en Espa\u00f1a.\u00a0 A trav\u00e9s de<br \/>\neste convenio, se impulsa una campa\u00f1a para reforzar el reciclaje de vidrio en<br \/>\nAntigua, que ha experimentado un ligero descenso en el municipio con respecto<br \/>\nal 2024. <\/p>\n<p>La campa\u00f1a se desarrollar\u00e1 en todos los<br \/>\nestablecimientos del canal conocido como HORECA (hoteles, restaurantes y<br \/>\ncafeter\u00edas) del municipio: se repartir\u00e1n cubos de reciclaje de gran y peque\u00f1o<br \/>\ntama\u00f1o, y se ense\u00f1ar\u00e1 como reciclar de forma correcta un residuo como el<br \/>\nvidrio, que es 100% reciclable e infinito.<\/p>\n<p>El consejero de Residuos del Cabildo de<br \/>\nFuerteventura, Enrique P\u00e9rez, explica que \u201cesta campa\u00f1a viene a complementar<br \/>\nlas acciones que se realizan desde la Corporaci\u00f3n insular, en coordinaci\u00f3n con<br \/>\nlos ayuntamientos, para fomentar el reciclaje en todos los \u00e1mbitos de nuestra<br \/>\nIsla, dirigi\u00e9ndose en este caso a un sector tan importante como los<br \/>\nestablecimientos de hosteler\u00eda, restauraci\u00f3n y cafeter\u00edas\u201d.<\/p>\n<p>P\u00e9rez se\u00f1al\u00f3 que, \u201cgracias al compromiso de la<br \/>\nciudadan\u00eda, las campa\u00f1as de concienciaci\u00f3n y las mejoras en las diferentes instalaciones,<br \/>\nen 2024 Fuerteventura se sit\u00fao, junto a Lanzarote, a la cabeza en el reciclaje<br \/>\nde vidrio, creciendo un 3,2%, 163,48 toneladas m\u00e1s que en 2023, situ\u00e1ndonos en<br \/>\n5.211 toneladas de vidrio reciclado\u201d.<\/p>\n<p>El concejal de Obras y Servicios de Antigua,<br \/>\nJuan Cabrera, ha puesto en valor una colaboraci\u00f3n que vendr\u00e1 a reforzar el<br \/>\nreciclaje en el municipio. Durante la reuni\u00f3n, se fij\u00f3, adem\u00e1s, la hoja de ruta<br \/>\npara la renovaci\u00f3n e incremento de contenedores de vidrio en el municipio. <\/p>\n<\/div>\n","protected":false},"excerpt":{"rendered":"<p>26 diciembre, 2025 Se repartir\u00e1n contenedores en establecimientos del Canal HORECA (hoteles, restaurantes y cafeter\u00edas) del municipio El Cabildo de Fuerteventura y el Ayuntamiento de Antigua han suscrito un convenio [&hellip;]<\/p>\n","protected":false},"author":1,"featured_media":15756,"comment_status":"open","ping_status":"open","sticky":false,"template":"","format":"standard","meta":{"inline_featured_image":false,"jnews-multi-image_gallery":[],"jnews_single_post":[],"jnews_primary_category":[],"jnews_social_meta":[],"jnews_override_counter":[],"jnews_post_split":[],"footnotes":""},"categories":[58],"tags":[82],"class_list":["post-15754","post","type-post","status-publish","format-standard","has-post-thumbnail","hentry","category-cabildo","tag-fuerteventura"],"jetpack_featured_media_url":"https:\/\/informacionlocal.es\/wp-content\/uploads\/2025\/12\/ecovidrio.jpeg","_links":{"self":[{"href":"https:\/\/informacionlocal.es\/de\/wp-json\/wp\/v2\/posts\/15754","targetHints":{"allow":["GET"]}}],"collection":[{"href":"https:\/\/informacionlocal.es\/de\/wp-json\/wp\/v2\/posts"}],"about":[{"href":"https:\/\/informacionlocal.es\/de\/wp-json\/wp\/v2\/types\/post"}],"author":[{"embeddable":true,"href":"https:\/\/informacionlocal.es\/de\/wp-json\/wp\/v2\/users\/1"}],"replies":[{"embeddable":true,"href":"https:\/\/informacionlocal.es\/de\/wp-json\/wp\/v2\/comments?post=15754"}],"version-history":[{"count":0,"href":"https:\/\/informacionlocal.es\/de\/wp-json\/wp\/v2\/posts\/15754\/revisions"}],"wp:featuredmedia":[{"embeddable":true,"href":"https:\/\/informacionlocal.es\/de\/wp-json\/wp\/v2\/media\/15756"}],"wp:attachment":[{"href":"https:\/\/informacionlocal.es\/de\/wp-json\/wp\/v2\/media?parent=15754"}],"wp:term":[{"taxonomy":"category","embeddable":true,"href":"https:\/\/informacionlocal.es\/de\/wp-json\/wp\/v2\/categories?post=15754"},{"taxonomy":"post_tag","embeddable":true,"href":"https:\/\/informacionlocal.es\/de\/wp-json\/wp\/v2\/tags?post=15754"}],"curies":[{"name":"wp","href":"https:\/\/api.w.org\/{rel}","templated":true}]}}