{"id":15748,"date":"2025-12-24T00:00:39","date_gmt":"2025-12-24T00:00:39","guid":{"rendered":"https:\/\/informacionlocal.es\/fuerteventura-film-commission-culmina-con-exito-una-nueva-formacion-en-animacion-avanzada\/"},"modified":"2025-12-24T00:00:39","modified_gmt":"2025-12-24T00:00:39","slug":"fuerteventura-film-commission-culmina-con-exito-una-nueva-formacion-en-animacion-avanzada","status":"publish","type":"post","link":"https:\/\/informacionlocal.es\/de\/fuerteventura-film-commission-culmina-con-exito-una-nueva-formacion-en-animacion-avanzada\/","title":{"rendered":"Fuerteventura Film Commission culmina con \u00e9xito una nueva formaci\u00f3n en animaci\u00f3n avanzada"},"content":{"rendered":"<div class=\"entry-content\"><strong>23 diciembre, 2025<\/strong><\/p>\n<p><strong><em>Un nuevo grupo de personas listo para incorporarse al mercado<br \/>\nlaboral en una formaci\u00f3n que combina creatividad, tecnolog\u00eda y nuevas<br \/>\nherramientas <\/em><\/strong><\/p>\n<p>Un nuevo grupo de personas se forman en animaci\u00f3n avanzada gracias<br \/>\nal curso organizado por Fuerteventura Film Commission, mediante la Asociaci\u00f3n<br \/>\nSociocultural Omotenashi, que refuerza la apuesta por la capacitaci\u00f3n<br \/>\nprofesional en el \u00e1mbito audiovisual en la isla.<\/p>\n<p>A lo largo de seis meses, el alumnado recibi\u00f3 una preparaci\u00f3n<br \/>\nintensiva orientada a perfeccionar sus habilidades t\u00e9cnicas y creativas. El<br \/>\nprograma ha abarcado disciplinas como la animaci\u00f3n en 2D y 3D, el dise\u00f1o y<br \/>\ndesarrollo de personajes, el dibujo, el guion, la composici\u00f3n de escenas y el<br \/>\nmodelado b\u00e1sico, incorporando adem\u00e1s el uso de inteligencia artificial como<br \/>\nherramienta de apoyo a los procesos creativos.<\/p>\n<p>Entre los objetivos del curso ha destacado la introducci\u00f3n a<br \/>\nestilos de animaci\u00f3n contempor\u00e1neos, como el anime, as\u00ed como el aprendizaje del<br \/>\nuso de software profesional como Blender.<\/p>\n<p>La acci\u00f3n formativa ha contado con la direcci\u00f3n docente de Tenesor<br \/>\nCruz y Robin Socorro Erikson, profesionales con una s\u00f3lida trayectoria en el<br \/>\nsector audiovisual. Su experiencia en proyectos de animaci\u00f3n, cine y televisi\u00f3n<br \/>\nha permitido trasladar al aula una visi\u00f3n pr\u00e1ctica y actual del mercado<br \/>\nlaboral, acercando al alumnado a los est\u00e1ndares reales de la industria.<\/p>\n<p>La consejera de Fuerteventura Film Commission, Nereida Calero,<br \/>\nsubray\u00f3 durante el acto que \u201ceste tipo de cursos no solo ampl\u00edan los<br \/>\nconocimientos t\u00e9cnicos, sino que abren nuevas oportunidades laborales en un<br \/>\nsector en constante crecimiento, gracias a una formaci\u00f3n especializada y<br \/>\naccesible\u201d.<\/p>\n<p>Como cierre del itinerario formativo, el alumnado ha trabajado en<br \/>\nla elaboraci\u00f3n de un demo reel final, reforzada por la participaci\u00f3n de<br \/>\nartistas invitados que han aportado su experiencia mediante charlas y<br \/>\nejercicios pr\u00e1cticos.<\/p>\n<\/div>\n","protected":false},"excerpt":{"rendered":"<p>23 diciembre, 2025 Un nuevo grupo de personas listo para incorporarse al mercado laboral en una formaci\u00f3n que combina creatividad, tecnolog\u00eda y nuevas herramientas Un nuevo grupo de personas se [&hellip;]<\/p>\n","protected":false},"author":1,"featured_media":15750,"comment_status":"open","ping_status":"open","sticky":false,"template":"","format":"standard","meta":{"inline_featured_image":false,"jnews-multi-image_gallery":[],"jnews_single_post":[],"jnews_primary_category":[],"jnews_social_meta":[],"jnews_override_counter":[],"jnews_post_split":[],"footnotes":""},"categories":[58],"tags":[82],"class_list":["post-15748","post","type-post","status-publish","format-standard","has-post-thumbnail","hentry","category-cabildo","tag-fuerteventura"],"jetpack_featured_media_url":"https:\/\/informacionlocal.es\/wp-content\/uploads\/2025\/12\/diplomas.jpeg","_links":{"self":[{"href":"https:\/\/informacionlocal.es\/de\/wp-json\/wp\/v2\/posts\/15748","targetHints":{"allow":["GET"]}}],"collection":[{"href":"https:\/\/informacionlocal.es\/de\/wp-json\/wp\/v2\/posts"}],"about":[{"href":"https:\/\/informacionlocal.es\/de\/wp-json\/wp\/v2\/types\/post"}],"author":[{"embeddable":true,"href":"https:\/\/informacionlocal.es\/de\/wp-json\/wp\/v2\/users\/1"}],"replies":[{"embeddable":true,"href":"https:\/\/informacionlocal.es\/de\/wp-json\/wp\/v2\/comments?post=15748"}],"version-history":[{"count":0,"href":"https:\/\/informacionlocal.es\/de\/wp-json\/wp\/v2\/posts\/15748\/revisions"}],"wp:featuredmedia":[{"embeddable":true,"href":"https:\/\/informacionlocal.es\/de\/wp-json\/wp\/v2\/media\/15750"}],"wp:attachment":[{"href":"https:\/\/informacionlocal.es\/de\/wp-json\/wp\/v2\/media?parent=15748"}],"wp:term":[{"taxonomy":"category","embeddable":true,"href":"https:\/\/informacionlocal.es\/de\/wp-json\/wp\/v2\/categories?post=15748"},{"taxonomy":"post_tag","embeddable":true,"href":"https:\/\/informacionlocal.es\/de\/wp-json\/wp\/v2\/tags?post=15748"}],"curies":[{"name":"wp","href":"https:\/\/api.w.org\/{rel}","templated":true}]}}