{"id":15718,"date":"2025-12-23T19:03:32","date_gmt":"2025-12-23T19:03:32","guid":{"rendered":"https:\/\/informacionlocal.es\/corralejo-recibe-la-nueva-edicion-de-la-carrera-navidena-san-silvestre-el-proximo-28-de-diciembre\/"},"modified":"2025-12-23T19:03:32","modified_gmt":"2025-12-23T19:03:32","slug":"corralejo-recibe-la-nueva-edicion-de-la-carrera-navidena-san-silvestre-el-proximo-28-de-diciembre","status":"publish","type":"post","link":"https:\/\/informacionlocal.es\/de\/corralejo-recibe-la-nueva-edicion-de-la-carrera-navidena-san-silvestre-el-proximo-28-de-diciembre\/","title":{"rendered":"Corralejo recibe la nueva edici\u00f3n de la carrera navide\u00f1a San Silvestre el pr\u00f3ximo 28 de diciembre"},"content":{"rendered":"<p>Tras el \u00e9xito del regreso de la Carrera San Silvestre del pasado a\u00f1o, la competici\u00f3n vuelve este 28 de diciembre al Centro Comercial El Campanario, en Corralejo, para promocionar la actividad f\u00edsica durante la temporada navide\u00f1a. Bajo la organizaci\u00f3n del Club Al M\u00e1ximo y la colaboraci\u00f3n del Ayuntamiento de La Oliva, a trav\u00e9s de la Concejal\u00eda de Deportes, que gestiona Gleiber Carre\u00f1o, junto con el apoyo del Cabildo de Fuerteventura, a trav\u00e9s de la Consejer\u00eda de Deporte, que lidera Luis Gonz\u00e1lez, la carrera promete una jornada llena de deporte, ambiente navide\u00f1o, premios y otras sorpresas en un entorno festivo y familiar.<\/p>\n<p>Un total de 300 participantes entre adultos y ni\u00f1os se dan cita en este d\u00eda tan especial, con diferentes distancias seg\u00fan la edad de los corredores. As\u00ed pues, en este encuentro l\u00fadico en el que se combina lo mejor del esp\u00edritu navide\u00f1o y el deporte, los participantes se disputar\u00e1n los premios no solo al podio de la carrera, sino que tambi\u00e9n, optar\u00e1n al galard\u00f3n de mejor disfraz en grupo, pareja e individual. <\/p>\n<p>El alcalde de La Oliva, Isa\u00ed Blanco, manifiesta la voluntad de seguir apoyando una carrera como la San Silvestre, que ha logrado remontar tras a\u00f1os de inactividad: \u201cEl \u00e9xito del a\u00f1o pasado demuestra que la San Silvestre sigue m\u00e1s viva que nunca y que, el Club Al M\u00e1ximo ha sabido como retomar esta competici\u00f3n con ingenio, innovaci\u00f3n y una gran pasi\u00f3n por el deporte, que se aviva con la ilusi\u00f3n de estas fechas tan especiales.\u201d<\/p>\n<p>Por su parte, la concejala de Deportes, Gleiber Carre\u00f1o, declara: \u201cVecinos y visitantes pueden disfrutar un a\u00f1o m\u00e1s de la Carrera San Silvestre. Para nosotros es fundamental seguir apostando por competiciones como esta que no solo ponen el acento en la actividad f\u00edsica, sino que tambi\u00e9n se adaptan al ambiente festivo de la Navidad, atrayendo diferentes p\u00fablicos e invitando a dar esos primeros pasos en el deporte tambi\u00e9n a los m\u00e1s peque\u00f1os.\u201d <\/p>\n<p>Para finalizar, el consejero de Deportes, Luis Gonz\u00e1lez, puso en valor una prueba ya consolidada en el calendario competitivo insular, incluida dentro del Programa de Ayudas al Deporte Insular de la Corporaci\u00f3n insular, consiguiendo otro a\u00f1o un gran \u00e9xito de participaci\u00f3n.<\/p>\n","protected":false},"excerpt":{"rendered":"<p><span>La competici\u00f3n deportiva regresa, un a\u00f1o m\u00e1s, para impulsar la actividad f\u00edsica durante las navidades en las inmediaciones del Centro Comercial El Campanario, patrocinador oficial de la carrera<\/span><\/p>\n","protected":false},"author":1,"featured_media":15720,"comment_status":"open","ping_status":"open","sticky":false,"template":"","format":"standard","meta":{"inline_featured_image":false,"jnews-multi-image_gallery":[],"jnews_single_post":[],"jnews_primary_category":[],"jnews_social_meta":[],"jnews_override_counter":[],"jnews_post_split":[],"footnotes":""},"categories":[62],"tags":[82],"class_list":["post-15718","post","type-post","status-publish","format-standard","has-post-thumbnail","hentry","category-la-oliva","tag-fuerteventura"],"jetpack_featured_media_url":"https:\/\/informacionlocal.es\/wp-content\/uploads\/2025\/12\/5285_9672d177.png","_links":{"self":[{"href":"https:\/\/informacionlocal.es\/de\/wp-json\/wp\/v2\/posts\/15718","targetHints":{"allow":["GET"]}}],"collection":[{"href":"https:\/\/informacionlocal.es\/de\/wp-json\/wp\/v2\/posts"}],"about":[{"href":"https:\/\/informacionlocal.es\/de\/wp-json\/wp\/v2\/types\/post"}],"author":[{"embeddable":true,"href":"https:\/\/informacionlocal.es\/de\/wp-json\/wp\/v2\/users\/1"}],"replies":[{"embeddable":true,"href":"https:\/\/informacionlocal.es\/de\/wp-json\/wp\/v2\/comments?post=15718"}],"version-history":[{"count":0,"href":"https:\/\/informacionlocal.es\/de\/wp-json\/wp\/v2\/posts\/15718\/revisions"}],"wp:featuredmedia":[{"embeddable":true,"href":"https:\/\/informacionlocal.es\/de\/wp-json\/wp\/v2\/media\/15720"}],"wp:attachment":[{"href":"https:\/\/informacionlocal.es\/de\/wp-json\/wp\/v2\/media?parent=15718"}],"wp:term":[{"taxonomy":"category","embeddable":true,"href":"https:\/\/informacionlocal.es\/de\/wp-json\/wp\/v2\/categories?post=15718"},{"taxonomy":"post_tag","embeddable":true,"href":"https:\/\/informacionlocal.es\/de\/wp-json\/wp\/v2\/tags?post=15718"}],"curies":[{"name":"wp","href":"https:\/\/api.w.org\/{rel}","templated":true}]}}