{"id":15682,"date":"2025-12-22T16:03:45","date_gmt":"2025-12-22T16:03:45","guid":{"rendered":"https:\/\/informacionlocal.es\/el-ayuntamiento-de-pajara-y-la-policia-local-firman-el-acuerdo-que-mejorara-la-seguridad-del-municipio\/"},"modified":"2025-12-22T16:03:45","modified_gmt":"2025-12-22T16:03:45","slug":"el-ayuntamiento-de-pajara-y-la-policia-local-firman-el-acuerdo-que-mejorara-la-seguridad-del-municipio","status":"publish","type":"post","link":"https:\/\/informacionlocal.es\/de\/el-ayuntamiento-de-pajara-y-la-policia-local-firman-el-acuerdo-que-mejorara-la-seguridad-del-municipio\/","title":{"rendered":"El Ayuntamiento de P\u00e1jara y la Polic\u00eda Local firman el acuerdo que mejorar\u00e1 la seguridad del municipio"},"content":{"rendered":"<div class=\"entry-content\">\n<p><b><i>El convenio mejora las condiciones laborales de la plantilla, adem\u00e1s de incorpora formaci\u00f3n y nuevas medidas de protecci\u00f3n ciudadana<\/i><\/b><\/p>\n<p><span>El Ayuntamiento de P\u00e1jara anuncia un acuerdo destinado a fortalecer la seguridad y la protecci\u00f3n ciudadana en el municipio, tras el pronunciamiento favorable de la asamblea de la Polic\u00eda Local.\u00a0<\/span><\/p>\n<p><span>Durante meses, el Grupo de Gobierno y la Polic\u00eda Local han trabajado conjuntamente en este acuerdo, cuyo objetivo es mejorar las condiciones laborales de la plantilla, incorporando acciones formativas y otras medidas vinculadas a la protecci\u00f3n ciudadana. El acuerdo permitir\u00e1, adem\u00e1s, garantizar un entorno seguro tanto para residentes como para visitantes\u00a0<\/span><\/p>\n<p><span>En la reuni\u00f3n estuvieron presentes el alcalde de P\u00e1jara, Alejandro Jorge; el primer teniente de alcalde, Alexis Alonso; el concejal de Seguridad y Emergencias, Raimundo Dacosta; el concejal de Personal, Jos\u00e9 Manuel D\u00edaz; y los concejales que integran la mesa de negociaci\u00f3n, Kathaisa Rodr\u00edguez y Jos\u00e9 Benito Alonso. Por parte de la Polic\u00eda Local, acudieron los representantes sindicales.\u00a0<\/span><\/p>\n<p><span>Con esta acci\u00f3n, el Ayuntamiento de P\u00e1jara demuestra el valor que otorga a la Polic\u00eda Local, destacando que este acuerdo contempla no solo el mayor incremento de plantilla en los \u00faltimos 20 a\u00f1os, sino tambi\u00e9n la instalaci\u00f3n de 55 c\u00e1maras de seguridad, la coordinaci\u00f3n con la Guardia Civil y la futura apertura de la primera comisar\u00eda de la Polic\u00eda Canaria en un municipio no capitalino. La incorporaci\u00f3n de nuevos agentes, junto al trabajo de Protecci\u00f3n Civil y Bomberos, consolida una mejora continua de la protecci\u00f3n ciudadana.\u00a0<\/span><\/p>\n<p><span>El Grupo de Gobierno reafirma su compromiso con la seguridad y agradece a la representaci\u00f3n sindical la firma de este acuerdo, que tendr\u00e1 un impacto positivo tanto para la poblaci\u00f3n local como para el turismo.\u00a0<\/span><\/p>\n<\/div>\n","protected":false},"excerpt":{"rendered":"<p><i>El convenio mejora las condiciones laborales de la plantilla, adem\u00e1s de incorpora formaci\u00f3n y nuevas medidas de protecci\u00f3n ciudadana<\/i><\/p>\n","protected":false},"author":1,"featured_media":15684,"comment_status":"open","ping_status":"open","sticky":false,"template":"","format":"standard","meta":{"inline_featured_image":false,"jnews-multi-image_gallery":[],"jnews_single_post":[],"jnews_primary_category":[],"jnews_social_meta":[],"jnews_override_counter":[],"jnews_post_split":[],"footnotes":""},"categories":[63],"tags":[182],"class_list":["post-15682","post","type-post","status-publish","format-standard","has-post-thumbnail","hentry","category-pajara","tag-seguridad"],"jetpack_featured_media_url":"https:\/\/informacionlocal.es\/wp-content\/uploads\/2025\/12\/policia-local-scaled-1.jpg","_links":{"self":[{"href":"https:\/\/informacionlocal.es\/de\/wp-json\/wp\/v2\/posts\/15682","targetHints":{"allow":["GET"]}}],"collection":[{"href":"https:\/\/informacionlocal.es\/de\/wp-json\/wp\/v2\/posts"}],"about":[{"href":"https:\/\/informacionlocal.es\/de\/wp-json\/wp\/v2\/types\/post"}],"author":[{"embeddable":true,"href":"https:\/\/informacionlocal.es\/de\/wp-json\/wp\/v2\/users\/1"}],"replies":[{"embeddable":true,"href":"https:\/\/informacionlocal.es\/de\/wp-json\/wp\/v2\/comments?post=15682"}],"version-history":[{"count":0,"href":"https:\/\/informacionlocal.es\/de\/wp-json\/wp\/v2\/posts\/15682\/revisions"}],"wp:featuredmedia":[{"embeddable":true,"href":"https:\/\/informacionlocal.es\/de\/wp-json\/wp\/v2\/media\/15684"}],"wp:attachment":[{"href":"https:\/\/informacionlocal.es\/de\/wp-json\/wp\/v2\/media?parent=15682"}],"wp:term":[{"taxonomy":"category","embeddable":true,"href":"https:\/\/informacionlocal.es\/de\/wp-json\/wp\/v2\/categories?post=15682"},{"taxonomy":"post_tag","embeddable":true,"href":"https:\/\/informacionlocal.es\/de\/wp-json\/wp\/v2\/tags?post=15682"}],"curies":[{"name":"wp","href":"https:\/\/api.w.org\/{rel}","templated":true}]}}