{"id":15676,"date":"2025-12-22T15:03:39","date_gmt":"2025-12-22T15:03:39","guid":{"rendered":"https:\/\/informacionlocal.es\/el-ayuntamiento-de-la-oliva-logra-por-primera-vez-una-subvencion-del-servicio-canario-de-empleo-para-desarrollar-un-pfae-en-2026\/"},"modified":"2025-12-22T15:03:39","modified_gmt":"2025-12-22T15:03:39","slug":"el-ayuntamiento-de-la-oliva-logra-por-primera-vez-una-subvencion-del-servicio-canario-de-empleo-para-desarrollar-un-pfae-en-2026","status":"publish","type":"post","link":"https:\/\/informacionlocal.es\/de\/el-ayuntamiento-de-la-oliva-logra-por-primera-vez-una-subvencion-del-servicio-canario-de-empleo-para-desarrollar-un-pfae-en-2026\/","title":{"rendered":"El Ayuntamiento de La Oliva logra, por primera vez, una subvenci\u00f3n del Servicio Canario de Empleo para desarrollar un PFAE en 2026"},"content":{"rendered":"<p>El Ayuntamiento de La Oliva, a trav\u00e9s de la Concejal\u00eda de Desarrollo Local que dirige Alexandra Mart\u00edn, ha obtenido, por primera vez, una subvenci\u00f3n del Servicio Canario de Empleo (SCE) para la puesta en marcha de un Proyecto de Formaci\u00f3n en Alternancia con el Empleo (PFAE) correspondiente al ejercicio 2026.<\/p>\n<p>El proyecto, denominado \u201cPFAE Dinamizando La Oliva 2026\u201d, tiene como objetivo principal la dinamizaci\u00f3n de la poblaci\u00f3n residente en el municipio, con especial atenci\u00f3n a los grupos infantiles, juveniles y personas mayores. Las actuaciones se desarrollaran tanto en espacios abiertos del municipio como a trav\u00e9s de la red de centros sociales, educativos y culturales, entre los que se incluyen centros socioculturales, la Casa de la Juventud, centros educativos, bibliotecas municipales y el Centro de la Tercera Edad.<\/p>\n<p>Este PFAE permitir\u00e1 que 15 personas desempleadas del municipio accedan a una oportunidad real de formaci\u00f3n y empleo, combinando el aprendizaje te\u00f3rico con la experiencia laboral practica, lo que refuerza notablemente sus posibilidades de inserci\u00f3n en el mercado de trabajo.<\/p>\n<p>El alcalde de La Oliva, Isa\u00ed Blanco, destaca que esta subvenci\u00f3n \u201csupone un paso muy importante para el municipio y refuerza el compromiso del Ayuntamiento con el empleo y la formaci\u00f3n como pilares del desarrollo local.\u201d<\/p>\n<p>Por su parte, la concejala de Desarrollo Local y Personal, Alexandra Mart\u00edn, destaca: \u201cla importancia de seguir impulsando pol\u00edticas activas de empleo que generen oportunidades reales para las personas desempleadas del municipio\u201d, subrayando adem\u00e1s el compromiso del \u00e1rea con la formaci\u00f3n y la mejora continua de la empleabilidad.<\/p>\n<p>La resoluci\u00f3n definitiva del Servicio Canario de Empleo reconoce la calidad y el inter\u00e9s social del proyecto presentado por el Ayuntamiento de La Oliva, consolidando as\u00ed una nueva etapa en la gesti\u00f3n de programas de formaci\u00f3n y empleo en el municipio.<\/p>\n","protected":false},"excerpt":{"rendered":"<p><span>Una subvenci\u00f3n que servir\u00e1 para la dinamizaci\u00f3n de grupos infantiles, juveniles y personas mayores<\/span><\/p>\n","protected":false},"author":1,"featured_media":15678,"comment_status":"open","ping_status":"open","sticky":false,"template":"","format":"standard","meta":{"inline_featured_image":false,"jnews-multi-image_gallery":[],"jnews_single_post":[],"jnews_primary_category":[],"jnews_social_meta":[],"jnews_override_counter":[],"jnews_post_split":[],"footnotes":""},"categories":[62],"tags":[],"class_list":["post-15676","post","type-post","status-publish","format-standard","has-post-thumbnail","hentry","category-la-oliva"],"jetpack_featured_media_url":"https:\/\/informacionlocal.es\/wp-content\/uploads\/2025\/12\/5284_a7e7f910.png","_links":{"self":[{"href":"https:\/\/informacionlocal.es\/de\/wp-json\/wp\/v2\/posts\/15676","targetHints":{"allow":["GET"]}}],"collection":[{"href":"https:\/\/informacionlocal.es\/de\/wp-json\/wp\/v2\/posts"}],"about":[{"href":"https:\/\/informacionlocal.es\/de\/wp-json\/wp\/v2\/types\/post"}],"author":[{"embeddable":true,"href":"https:\/\/informacionlocal.es\/de\/wp-json\/wp\/v2\/users\/1"}],"replies":[{"embeddable":true,"href":"https:\/\/informacionlocal.es\/de\/wp-json\/wp\/v2\/comments?post=15676"}],"version-history":[{"count":0,"href":"https:\/\/informacionlocal.es\/de\/wp-json\/wp\/v2\/posts\/15676\/revisions"}],"wp:featuredmedia":[{"embeddable":true,"href":"https:\/\/informacionlocal.es\/de\/wp-json\/wp\/v2\/media\/15678"}],"wp:attachment":[{"href":"https:\/\/informacionlocal.es\/de\/wp-json\/wp\/v2\/media?parent=15676"}],"wp:term":[{"taxonomy":"category","embeddable":true,"href":"https:\/\/informacionlocal.es\/de\/wp-json\/wp\/v2\/categories?post=15676"},{"taxonomy":"post_tag","embeddable":true,"href":"https:\/\/informacionlocal.es\/de\/wp-json\/wp\/v2\/tags?post=15676"}],"curies":[{"name":"wp","href":"https:\/\/api.w.org\/{rel}","templated":true}]}}