{"id":15460,"date":"2025-12-16T20:58:45","date_gmt":"2025-12-16T20:58:45","guid":{"rendered":"https:\/\/informacionlocal.es\/coordinacion-de-seguridad-en-puerto-del-rosario-para-la-supervision-de-los-proximos-eventos\/"},"modified":"2025-12-16T20:58:45","modified_gmt":"2025-12-16T20:58:45","slug":"coordinacion-de-seguridad-en-puerto-del-rosario-para-la-supervision-de-los-proximos-eventos","status":"publish","type":"post","link":"https:\/\/informacionlocal.es\/de\/coordinacion-de-seguridad-en-puerto-del-rosario-para-la-supervision-de-los-proximos-eventos\/","title":{"rendered":"Coordinaci\u00f3n de Seguridad en Puerto del Rosario para la supervisi\u00f3n de los pr\u00f3ximos eventos"},"content":{"rendered":"<div class=\"entry-content\">\n<p>Este martes, 16 de diciembre, ha tenido lugar en el Sal\u00f3n de Plenos del Ayuntamiento, una reuni\u00f3n de Coordinaci\u00f3n de Seguridad, presidida por el Alcalde de Puerto del Rosario, David de Vera, en la que ha participado el T\u00e9cnico municipal de Seguridad y Emergencias municipal, el Jefe de la Polic\u00eda Local de Puerto del Rosario y los mandos Policiales, donde se hizo un balance de las incidencias registradas durante el pasado fin de semana tras el paso de la borrasca \u201cEmilia\u201d y las actuaciones llevadas a cabo en el municipio.<\/p>\n<p>En la misma reuni\u00f3n se establecieron las l\u00edneas de actuaci\u00f3n en materia de seguridad de cara a las fiestas navide\u00f1as, con especial incidencias en dispositivos policiales y de seguridad para las noches del 24 y 31 de diciembre as\u00ed como la Cabalgata de Reyes Magos el d\u00eda 05 de enero.<\/p>\n<p>Se di\u00f3 cuenta tambi\u00e9n de la reciente aprobaci\u00f3n del Plan de Emergencias Municipal (PEMU) y su importancia como herramienta organizativa de la Seguridad y las Emergencias del Municipio, estableciendo adem\u00e1s un calendario de reuniones de coordinaci\u00f3n peri\u00f3dicas para abordar asuntos relacionados con la seguridad en el municipio de Puerto del Rosario. As\u00ed como c\u00f3mo previsiones de dotaci\u00f3n para la Polic\u00eda Local durante el a\u00f1o 2026 en recursos materiales y de personal y sobre la nueva Jefatura para la Polic\u00eda Local.<\/p>\n<\/div>\n","protected":false},"excerpt":{"rendered":"<p>Este martes, 16 de diciembre, ha tenido lugar en el Sal\u00f3n de Plenos del Ayuntamiento, una reuni\u00f3n de Coordinaci\u00f3n de Seguridad, presidida por el Alcalde de Puerto del Rosario, David [&hellip;]<\/p>\n","protected":false},"author":1,"featured_media":15462,"comment_status":"open","ping_status":"open","sticky":false,"template":"","format":"standard","meta":{"inline_featured_image":false,"jnews-multi-image_gallery":[],"jnews_single_post":[],"jnews_primary_category":[],"jnews_social_meta":[],"jnews_override_counter":[],"jnews_post_split":[],"footnotes":""},"categories":[61],"tags":[182],"class_list":["post-15460","post","type-post","status-publish","format-standard","has-post-thumbnail","hentry","category-puerto-del-rosario","tag-seguridad"],"jetpack_featured_media_url":"https:\/\/informacionlocal.es\/wp-content\/uploads\/2025\/12\/seguridad-t1-1225.jpg","_links":{"self":[{"href":"https:\/\/informacionlocal.es\/de\/wp-json\/wp\/v2\/posts\/15460","targetHints":{"allow":["GET"]}}],"collection":[{"href":"https:\/\/informacionlocal.es\/de\/wp-json\/wp\/v2\/posts"}],"about":[{"href":"https:\/\/informacionlocal.es\/de\/wp-json\/wp\/v2\/types\/post"}],"author":[{"embeddable":true,"href":"https:\/\/informacionlocal.es\/de\/wp-json\/wp\/v2\/users\/1"}],"replies":[{"embeddable":true,"href":"https:\/\/informacionlocal.es\/de\/wp-json\/wp\/v2\/comments?post=15460"}],"version-history":[{"count":0,"href":"https:\/\/informacionlocal.es\/de\/wp-json\/wp\/v2\/posts\/15460\/revisions"}],"wp:featuredmedia":[{"embeddable":true,"href":"https:\/\/informacionlocal.es\/de\/wp-json\/wp\/v2\/media\/15462"}],"wp:attachment":[{"href":"https:\/\/informacionlocal.es\/de\/wp-json\/wp\/v2\/media?parent=15460"}],"wp:term":[{"taxonomy":"category","embeddable":true,"href":"https:\/\/informacionlocal.es\/de\/wp-json\/wp\/v2\/categories?post=15460"},{"taxonomy":"post_tag","embeddable":true,"href":"https:\/\/informacionlocal.es\/de\/wp-json\/wp\/v2\/tags?post=15460"}],"curies":[{"name":"wp","href":"https:\/\/api.w.org\/{rel}","templated":true}]}}