{"id":15418,"date":"2025-12-15T22:04:27","date_gmt":"2025-12-15T22:04:27","guid":{"rendered":"https:\/\/informacionlocal.es\/el-cabildo-de-fuerteventura-arregla-mas-de-mil-gavias-y-sistemas-de-cultivo-durante-el-2025\/"},"modified":"2025-12-15T22:04:27","modified_gmt":"2025-12-15T22:04:27","slug":"el-cabildo-de-fuerteventura-arregla-mas-de-mil-gavias-y-sistemas-de-cultivo-durante-el-2025","status":"publish","type":"post","link":"https:\/\/informacionlocal.es\/de\/el-cabildo-de-fuerteventura-arregla-mas-de-mil-gavias-y-sistemas-de-cultivo-durante-el-2025\/","title":{"rendered":"El Cabildo de Fuerteventura arregla m\u00e1s de mil gavias y sistemas de cultivo durante el 2025"},"content":{"rendered":"<div class=\"entry-content\"><strong>15 diciembre, 2025<\/strong><\/p>\n<p><em><strong>Los trabajos llevados a cabo por los tractores agr\u00edcolas de la Corporaci\u00f3n insular permiten la retenci\u00f3n de agua en \u00e9poca de lluvias, como el reciente paso de la borrasca Emilia<\/strong><\/em><\/p>\n<p>Los tractores agr\u00edcolas del Cabildo de<br \/>\nFuerteventura han arreglado m\u00e1s de mil gavias y elementos del paisaje agr\u00edcola<br \/>\nmajorero durante todo el 2025, gracias a la coordinaci\u00f3n y el trabajo del<br \/>\nservicio de Obras y Maquinaria. Estos tractores realizan trabajos de apoyo a<br \/>\nayuntamientos y vecinos propietarios de gavias, ya sea reparando trastones como<br \/>\npreparando el terreno para el cultivo<\/p>\n<p>En total, m\u00e1s de 4.500 horas de trabajo, que<br \/>\npueden comprobarse en \u00e9poca de lluvias, como el reciente paso de la borrasca<br \/>\nEmilia, que ha dejado la imagen de gavias llenas por todo el territorio,<br \/>\npermitiendo el aprovechamiento de este recurso para el campo majorero.<\/p>\n<p>Para la presidenta del Cabildo, Lola Garc\u00eda,<br \/>\n\u201ces importante potenciar estos trabajos para poner a punto sistemas de cultivo<br \/>\ntradicionales, que son tan importantes para los profesionales del sector<br \/>\nagr\u00edcola, el aprovechamiento del agua y como elemento identitario del paisaje<br \/>\nmajorero\u201d. \u201cUn plan de trabajo del que hacemos un balance positivo, con m\u00e1s de<br \/>\nmil actuaciones que seguir\u00e1n llev\u00e1ndose a todo el territorio insular\u201d, apunta<br \/>\nGarc\u00eda.<\/p>\n<p>El consejero de Obras y Maquinaria, Blas<br \/>\nAcosta, explica que este plan incluye actuaciones en todos los municipios, a<br \/>\npetici\u00f3n de ayuntamientos y vecinos, manteniendo en perfecto estado gavias y<br \/>\nsistemas de cultivo tradicional y parte el identitario del paisaje majorero\u201d.<br \/>\n\u201cElementos facilitan la retenci\u00f3n de nutrientes y tierras f\u00e9rtiles que, de otra<br \/>\nforma, se perder\u00edan aguas abajo con las escorrent\u00edas, adem\u00e1s de contener el<br \/>\nagua para su filtraci\u00f3n hacia los acu\u00edferos\u201d.<\/p>\n<\/div>\n","protected":false},"excerpt":{"rendered":"<p>15 diciembre, 2025 Los trabajos llevados a cabo por los tractores agr\u00edcolas de la Corporaci\u00f3n insular permiten la retenci\u00f3n de agua en \u00e9poca de lluvias, como el reciente paso de [&hellip;]<\/p>\n","protected":false},"author":1,"featured_media":15420,"comment_status":"open","ping_status":"open","sticky":false,"template":"","format":"standard","meta":{"inline_featured_image":false,"jnews-multi-image_gallery":[],"jnews_single_post":[],"jnews_primary_category":[],"jnews_social_meta":[],"jnews_override_counter":[],"jnews_post_split":[],"footnotes":""},"categories":[58],"tags":[82,65],"class_list":["post-15418","post","type-post","status-publish","format-standard","has-post-thumbnail","hentry","category-cabildo","tag-fuerteventura","tag-municipios"],"jetpack_featured_media_url":"https:\/\/informacionlocal.es\/wp-content\/uploads\/2025\/12\/paisaje-agrc3adcola-2.jpeg","_links":{"self":[{"href":"https:\/\/informacionlocal.es\/de\/wp-json\/wp\/v2\/posts\/15418","targetHints":{"allow":["GET"]}}],"collection":[{"href":"https:\/\/informacionlocal.es\/de\/wp-json\/wp\/v2\/posts"}],"about":[{"href":"https:\/\/informacionlocal.es\/de\/wp-json\/wp\/v2\/types\/post"}],"author":[{"embeddable":true,"href":"https:\/\/informacionlocal.es\/de\/wp-json\/wp\/v2\/users\/1"}],"replies":[{"embeddable":true,"href":"https:\/\/informacionlocal.es\/de\/wp-json\/wp\/v2\/comments?post=15418"}],"version-history":[{"count":0,"href":"https:\/\/informacionlocal.es\/de\/wp-json\/wp\/v2\/posts\/15418\/revisions"}],"wp:featuredmedia":[{"embeddable":true,"href":"https:\/\/informacionlocal.es\/de\/wp-json\/wp\/v2\/media\/15420"}],"wp:attachment":[{"href":"https:\/\/informacionlocal.es\/de\/wp-json\/wp\/v2\/media?parent=15418"}],"wp:term":[{"taxonomy":"category","embeddable":true,"href":"https:\/\/informacionlocal.es\/de\/wp-json\/wp\/v2\/categories?post=15418"},{"taxonomy":"post_tag","embeddable":true,"href":"https:\/\/informacionlocal.es\/de\/wp-json\/wp\/v2\/tags?post=15418"}],"curies":[{"name":"wp","href":"https:\/\/api.w.org\/{rel}","templated":true}]}}