{"id":15406,"date":"2025-12-15T19:59:12","date_gmt":"2025-12-15T19:59:12","guid":{"rendered":"https:\/\/informacionlocal.es\/alta-participacion-en-el-taller-de-iniciacion-a-la-transformacion-de-la-lana\/"},"modified":"2025-12-15T19:59:12","modified_gmt":"2025-12-15T19:59:12","slug":"alta-participacion-en-el-taller-de-iniciacion-a-la-transformacion-de-la-lana","status":"publish","type":"post","link":"https:\/\/informacionlocal.es\/de\/alta-participacion-en-el-taller-de-iniciacion-a-la-transformacion-de-la-lana\/","title":{"rendered":"Alta participaci\u00f3n en el \u2018Taller de Iniciaci\u00f3n a la Transformaci\u00f3n de la Lana\u2019"},"content":{"rendered":"<div class=\"entry-content\"><strong>15 diciembre, 2025<\/strong><\/p>\n<p><strong><em>La iniciativa reuni\u00f3 a la ciudadan\u00eda en Antigua y P\u00e1jara con una<br \/>\ndestacada participaci\u00f3n para poner en valor de la lana como recurso cultural y<br \/>\nrural<\/em><\/strong><\/p>\n<p>El Cabildo de Fuerteventura, a trav\u00e9s del \u00e1rea de Agricultura,<br \/>\nGanader\u00eda y Pesca, y GDR Maxorata impulsaron los d\u00edas 12 y 13 de diciembre el \u2018Taller<br \/>\nde Iniciaci\u00f3n a la Transformaci\u00f3n de la Lana\u2019, una acci\u00f3n formativa celebrada<br \/>\nen el Centro Cultural de La Corte (Antigua) y en el Centro Cultural de P\u00e1jara,<br \/>\nque cont\u00f3 con una positiva respuesta por parte de la ciudadan\u00eda.<\/p>\n<p>La actividad, dirigida a toda la poblaci\u00f3n, tuvo como objetivo<br \/>\nacercar los procesos b\u00e1sicos de transformaci\u00f3n de la lana, as\u00ed como poner en<br \/>\nvalor este recurso tradicional vinculado al patrimonio cultural y rural de<br \/>\nFuerteventura. A lo largo de las sesiones, las personas participantes<br \/>\ntrabajaron con el vell\u00f3n, conociendo las fases de lavado, secado y cardado, al<br \/>\ntiempo que se difund\u00edan conocimientos sobre los usos hist\u00f3ricos y actuales de<br \/>\nla lana en la isla.<\/p>\n<p>El taller se desarroll\u00f3 en un entorno participativo que favoreci\u00f3<br \/>\nel aprendizaje pr\u00e1ctico, la creatividad y el bienestar emocional, generando un<br \/>\nespacio de encuentro en torno a los oficios tradicionales y al trabajo<br \/>\nartesanal. En una segunda parte de la formaci\u00f3n, la lana fue utilizada como<br \/>\nelemento creativo para la elaboraci\u00f3n de adornos navide\u00f1os, integrando<br \/>\ntradici\u00f3n y expresi\u00f3n art\u00edstica.<\/p>\n<p>La formaci\u00f3n fue impartida por Beatriz Ballester Mor\u00f3n, artesana<br \/>\nespecializada en el hilado de lana, cuya experiencia y metodolog\u00eda<br \/>\ncontribuyeron al correcto desarrollo de la actividad. En la primera jornada se<br \/>\ncont\u00f3, adem\u00e1s, con la presencia del consejero de Agricultura, Ganader\u00eda y Pesca<br \/>\ny presidente de GDR Maxorata, Mat\u00edas Pe\u00f1a, quien mostr\u00f3 su respaldo a esta<br \/>\niniciativa, subrayando la importancia de impulsar acciones orientadas a la<br \/>\nconservaci\u00f3n de los saberes tradicionales y al fortalecimiento del medio rural.<\/p>\n<p>Desde GDR Maxorata se realiza una valoraci\u00f3n muy positiva del<br \/>\ndesarrollo de este taller, que se enmarca en la estrategia de la entidad para<br \/>\npromover el desarrollo rural sostenible, arraigado al territorio y centrado en<br \/>\nlas personas. Asimismo, se prev\u00e9 dar continuidad a este tipo de formaciones<br \/>\nmediante la organizaci\u00f3n de futuros talleres de car\u00e1cter m\u00e1s avanzado.<\/p>\n<p>La actividad ha sido financiada por el Fondo Europeo Agr\u00edcola de<br \/>\nDesarrollo Rural (FEADER), dentro del Plan Estrat\u00e9gico de la PAC (PEPAC<br \/>\n2023-2027), a trav\u00e9s de la Iniciativa LEADER, y por el Cabildo Insular de<br \/>\nFuerteventura, en l\u00ednea con el apoyo a iniciativas que contribuyen al<br \/>\ndesarrollo equilibrado y sostenible del territorio insular.<\/p>\n<\/div>\n","protected":false},"excerpt":{"rendered":"<p>15 diciembre, 2025 La iniciativa reuni\u00f3 a la ciudadan\u00eda en Antigua y P\u00e1jara con una destacada participaci\u00f3n para poner en valor de la lana como recurso cultural y rural El [&hellip;]<\/p>\n","protected":false},"author":1,"featured_media":15408,"comment_status":"open","ping_status":"open","sticky":false,"template":"","format":"standard","meta":{"inline_featured_image":false,"jnews-multi-image_gallery":[],"jnews_single_post":[],"jnews_primary_category":[],"jnews_social_meta":[],"jnews_override_counter":[],"jnews_post_split":[],"footnotes":""},"categories":[58],"tags":[82],"class_list":["post-15406","post","type-post","status-publish","format-standard","has-post-thumbnail","hentry","category-cabildo","tag-fuerteventura"],"jetpack_featured_media_url":"https:\/\/informacionlocal.es\/wp-content\/uploads\/2025\/12\/taller-lana-3.jpeg","_links":{"self":[{"href":"https:\/\/informacionlocal.es\/de\/wp-json\/wp\/v2\/posts\/15406","targetHints":{"allow":["GET"]}}],"collection":[{"href":"https:\/\/informacionlocal.es\/de\/wp-json\/wp\/v2\/posts"}],"about":[{"href":"https:\/\/informacionlocal.es\/de\/wp-json\/wp\/v2\/types\/post"}],"author":[{"embeddable":true,"href":"https:\/\/informacionlocal.es\/de\/wp-json\/wp\/v2\/users\/1"}],"replies":[{"embeddable":true,"href":"https:\/\/informacionlocal.es\/de\/wp-json\/wp\/v2\/comments?post=15406"}],"version-history":[{"count":0,"href":"https:\/\/informacionlocal.es\/de\/wp-json\/wp\/v2\/posts\/15406\/revisions"}],"wp:featuredmedia":[{"embeddable":true,"href":"https:\/\/informacionlocal.es\/de\/wp-json\/wp\/v2\/media\/15408"}],"wp:attachment":[{"href":"https:\/\/informacionlocal.es\/de\/wp-json\/wp\/v2\/media?parent=15406"}],"wp:term":[{"taxonomy":"category","embeddable":true,"href":"https:\/\/informacionlocal.es\/de\/wp-json\/wp\/v2\/categories?post=15406"},{"taxonomy":"post_tag","embeddable":true,"href":"https:\/\/informacionlocal.es\/de\/wp-json\/wp\/v2\/tags?post=15406"}],"curies":[{"name":"wp","href":"https:\/\/api.w.org\/{rel}","templated":true}]}}