{"id":15382,"date":"2025-12-15T13:59:00","date_gmt":"2025-12-15T13:59:00","guid":{"rendered":"https:\/\/informacionlocal.es\/el-complejo-ambiental-de-zurita-permanece-cerrado-temporalmente-por-las-inclemencias-meteorologicas\/"},"modified":"2025-12-15T13:59:00","modified_gmt":"2025-12-15T13:59:00","slug":"el-complejo-ambiental-de-zurita-permanece-cerrado-temporalmente-por-las-inclemencias-meteorologicas","status":"publish","type":"post","link":"https:\/\/informacionlocal.es\/de\/el-complejo-ambiental-de-zurita-permanece-cerrado-temporalmente-por-las-inclemencias-meteorologicas\/","title":{"rendered":"El Complejo Ambiental de Zurita permanece cerrado temporalmente por las inclemencias meteorol\u00f3gicas"},"content":{"rendered":"<div class=\"entry-content\"><strong>13 diciembre, 2025<\/strong><\/p>\n<p>El Cabildo de Fuerteventura comunica que las instalaciones del Complejo Ambiental de Zurita permanecer\u00e1n cerradas temporalmente desde hoy, 12 de diciembre, como consecuencia de los efectos de la borrasca \u2018Emilia\u2019, que imposibilitan el acceso de los camiones a las celdas del complejo.<\/p>\n<p>Asimismo, se recuerda que, ante la activaci\u00f3n del Plan Territorial Insular de Emergencias de Protecci\u00f3n Civil de la Isla de Fuerteventura (PEIN), permanecen cerrados tambi\u00e9n los puntos limpios, dependientes del Cabildo de Fuerteventura.<\/p>\n<p>Se informa igualmente que el Servicio de Transporte regular se ve afectado por las consecuencias de la borrasca, quedando suspendida temporalmente la operativa de la l\u00ednea 111 entre Morro Jable y Cofete, y deshabilitada la parada del pueblo de Las Salinas que afecta a la l\u00ednea 3 por la propia seguridad de las personas usuarias.<\/p>\n<p>La Corporaci\u00f3n insular ruega disculpas a las personas usuarias afectadas, esperando poder reabrir dichas instalaciones y servicios desde que las condiciones meteorol\u00f3gicas lo permitan.<\/p>\n<\/div>\n","protected":false},"excerpt":{"rendered":"<p>13 diciembre, 2025 El Cabildo de Fuerteventura comunica que las instalaciones del Complejo Ambiental de Zurita permanecer\u00e1n cerradas temporalmente desde hoy, 12 de diciembre, como consecuencia de los efectos de [&hellip;]<\/p>\n","protected":false},"author":1,"featured_media":15384,"comment_status":"open","ping_status":"open","sticky":false,"template":"","format":"standard","meta":{"inline_featured_image":false,"jnews-multi-image_gallery":[],"jnews_single_post":[],"jnews_primary_category":[],"jnews_social_meta":[],"jnews_override_counter":[],"jnews_post_split":[],"footnotes":""},"categories":[58],"tags":[82],"class_list":["post-15382","post","type-post","status-publish","format-standard","has-post-thumbnail","hentry","category-cabildo","tag-fuerteventura"],"jetpack_featured_media_url":"https:\/\/informacionlocal.es\/wp-content\/uploads\/2025\/12\/zurita.jpeg","_links":{"self":[{"href":"https:\/\/informacionlocal.es\/de\/wp-json\/wp\/v2\/posts\/15382","targetHints":{"allow":["GET"]}}],"collection":[{"href":"https:\/\/informacionlocal.es\/de\/wp-json\/wp\/v2\/posts"}],"about":[{"href":"https:\/\/informacionlocal.es\/de\/wp-json\/wp\/v2\/types\/post"}],"author":[{"embeddable":true,"href":"https:\/\/informacionlocal.es\/de\/wp-json\/wp\/v2\/users\/1"}],"replies":[{"embeddable":true,"href":"https:\/\/informacionlocal.es\/de\/wp-json\/wp\/v2\/comments?post=15382"}],"version-history":[{"count":0,"href":"https:\/\/informacionlocal.es\/de\/wp-json\/wp\/v2\/posts\/15382\/revisions"}],"wp:featuredmedia":[{"embeddable":true,"href":"https:\/\/informacionlocal.es\/de\/wp-json\/wp\/v2\/media\/15384"}],"wp:attachment":[{"href":"https:\/\/informacionlocal.es\/de\/wp-json\/wp\/v2\/media?parent=15382"}],"wp:term":[{"taxonomy":"category","embeddable":true,"href":"https:\/\/informacionlocal.es\/de\/wp-json\/wp\/v2\/categories?post=15382"},{"taxonomy":"post_tag","embeddable":true,"href":"https:\/\/informacionlocal.es\/de\/wp-json\/wp\/v2\/tags?post=15382"}],"curies":[{"name":"wp","href":"https:\/\/api.w.org\/{rel}","templated":true}]}}