{"id":15306,"date":"2025-12-12T15:58:32","date_gmt":"2025-12-12T15:58:32","guid":{"rendered":"https:\/\/informacionlocal.es\/regalos-y-musica-tradicional-en-el-mercadillo-navideno-de-caleta-de-fuste\/"},"modified":"2025-12-12T15:58:32","modified_gmt":"2025-12-12T15:58:32","slug":"regalos-y-musica-tradicional-en-el-mercadillo-navideno-de-caleta-de-fuste","status":"publish","type":"post","link":"https:\/\/informacionlocal.es\/de\/regalos-y-musica-tradicional-en-el-mercadillo-navideno-de-caleta-de-fuste\/","title":{"rendered":"Regalos y m\u00fasica tradicional en el Mercadillo Navide\u00f1o de Caleta de Fuste"},"content":{"rendered":"<div class=\"elementor-widget-container\">\n<p><strong>Regalos y m\u00fasica tradicional en el Mercadillo Navide\u00f1o de Caleta de Fuste<\/strong><\/p>\n<p><strong>\u2022 Desde este s\u00e1bado 13 y hasta el 20 de diciembre de 10:00 a 15:00 horas y de 17:00 a 22:00 horas Mercadillo Navide\u00f1o en la calle peatonal Alcalde Santiago Garc\u00eda Urqu\u00eda en Caleta de Fuste.<\/strong><br \/>\nEl Ayuntamiento de Antigua desde la concejal\u00eda de Comercio organiza como cada a\u00f1o un Mercadillo Navide\u00f1o en el centro neur\u00e1lgico de Caleta de Fuste, concretamente en la peatonal Alcalde Santiago Garc\u00eda Urqu\u00eda, y a\u00f1ade el alcalde, Mat\u00edas Pe\u00f1a, cerca de restaurantes y establecimientos, invitando al paseo y a la visita de la localidad por residentes y los numerosos turistas que nos visitan en estos d\u00edas.<\/p>\n<p>Un Mercadillo Navide\u00f1o en Caleta de Fuste ambientado musicalmente y engalanado para la celebraci\u00f3n de estas fiestas familiares que invitan a la compra de regalos y detalles para las personas m\u00e1s queridas y cercanas.<\/p>\n<p>Mas de una quincena de expositores con todo tipo de art\u00edculos pr\u00e1cticos, decorativos o elaborados artesanalmente, todos perfectos regalos para estas navidades, afirma el concejal de Comercio, Giuseppe Signorino.<\/p>\n<p>El Mercadillo Navide\u00f1o en Caleta de Fuste tendr\u00e1 un horario de ma\u00f1ana y tarde, de 10:00 a 15:00 horas y de 17:00 a 22:00 horas, encontrando desde joyas de dise\u00f1o, juguetes, complementos e ideas perfectas para tener un en estas fechas, se\u00f1ala el concejal.<\/p>\n<p>\u00a0<\/p>\n<\/div>\n","protected":false},"excerpt":{"rendered":"<p><strong>Regalos y m\u00fasica tradicional en el Mercadillo Navide\u00f1o de Caleta de Fuste<\/strong><\/p>\n","protected":false},"author":1,"featured_media":15308,"comment_status":"open","ping_status":"open","sticky":false,"template":"","format":"standard","meta":{"inline_featured_image":false,"jnews-multi-image_gallery":[],"jnews_single_post":[],"jnews_primary_category":[],"jnews_social_meta":[],"jnews_override_counter":[],"jnews_post_split":[],"footnotes":""},"categories":[59],"tags":[],"class_list":["post-15306","post","type-post","status-publish","format-standard","has-post-thumbnail","hentry","category-antigua"],"jetpack_featured_media_url":"https:\/\/informacionlocal.es\/wp-content\/uploads\/2025\/12\/mercadillo-de-navidad-en-caleta-de-fuste.jpg","_links":{"self":[{"href":"https:\/\/informacionlocal.es\/de\/wp-json\/wp\/v2\/posts\/15306","targetHints":{"allow":["GET"]}}],"collection":[{"href":"https:\/\/informacionlocal.es\/de\/wp-json\/wp\/v2\/posts"}],"about":[{"href":"https:\/\/informacionlocal.es\/de\/wp-json\/wp\/v2\/types\/post"}],"author":[{"embeddable":true,"href":"https:\/\/informacionlocal.es\/de\/wp-json\/wp\/v2\/users\/1"}],"replies":[{"embeddable":true,"href":"https:\/\/informacionlocal.es\/de\/wp-json\/wp\/v2\/comments?post=15306"}],"version-history":[{"count":0,"href":"https:\/\/informacionlocal.es\/de\/wp-json\/wp\/v2\/posts\/15306\/revisions"}],"wp:featuredmedia":[{"embeddable":true,"href":"https:\/\/informacionlocal.es\/de\/wp-json\/wp\/v2\/media\/15308"}],"wp:attachment":[{"href":"https:\/\/informacionlocal.es\/de\/wp-json\/wp\/v2\/media?parent=15306"}],"wp:term":[{"taxonomy":"category","embeddable":true,"href":"https:\/\/informacionlocal.es\/de\/wp-json\/wp\/v2\/categories?post=15306"},{"taxonomy":"post_tag","embeddable":true,"href":"https:\/\/informacionlocal.es\/de\/wp-json\/wp\/v2\/tags?post=15306"}],"curies":[{"name":"wp","href":"https:\/\/api.w.org\/{rel}","templated":true}]}}