{"id":15288,"date":"2025-12-12T12:58:25","date_gmt":"2025-12-12T12:58:25","guid":{"rendered":"https:\/\/informacionlocal.es\/contigo-de-roberto-canedo-cortometraje-ganador-del-festival-de-fuerteventura-film-commission\/"},"modified":"2025-12-12T12:58:25","modified_gmt":"2025-12-12T12:58:25","slug":"contigo-de-roberto-canedo-cortometraje-ganador-del-festival-de-fuerteventura-film-commission","status":"publish","type":"post","link":"https:\/\/informacionlocal.es\/de\/contigo-de-roberto-canedo-cortometraje-ganador-del-festival-de-fuerteventura-film-commission\/","title":{"rendered":"\u2018Contigo\u2019 de Roberto Canedo, cortometraje ganador del Festival de Fuerteventura Film Commission"},"content":{"rendered":"<div class=\"entry-content\"><strong>12 diciembre, 2025<\/strong><\/p>\n<p><em><strong>El Auditorio Insular acogi\u00f3 la gala final del Festival de Cortometrajes de FFC, donde se proyectaron los cortos presentados a concurso<\/strong><\/em><\/p>\n<p>Festival de Cortometrajes de Fuerteventura<br \/>\nFilm Commission ha celebrado hoy su gala final, en el Auditorio Insular de<br \/>\nFuerteventura, donde se proyectaron los cortometrajes presentados en el marco<br \/>\ndel festival.<\/p>\n<p>La presidenta del Cabildo, Lola Garc\u00eda, y la<br \/>\nconsejera de Fuerteventura Film Commission, Nereida Calero, hicieron entrega<br \/>\ndel premio a mejor corto, valorado en 700 euros, a Roberto Canedo Balboa por su<br \/>\ncortometraje <em>Contigo<\/em>. Una pieza audiovisual protagonizada por una abuela<br \/>\ny una nieta que reviven historias a trav\u00e9s de sus recuerdos. <\/p>\n<p>El jurado, formado por los profesionales<br \/>\nMiguel Letang, Pedro Estoico y Adri\u00e1n Tejero, fueron los encargados de valorar<br \/>\nlos cortos presentados al festival.<\/p>\n<p>Adem\u00e1s de <em>Contigo<\/em>, se proyectaron los<br \/>\ncortometrajes <em>El Viaje <\/em>de Tatiana Falc\u00f3n, <em>Desanda de <\/em>Luis Felipe<br \/>\nMarques<em>, El deseo de Federico <\/em>de Javier Tendero<em>, Qu\u00e9 gigantes <\/em>de<br \/>\nJuan Lorenzo Dom\u00ednguez, Fuerteventura <em>te cambia<\/em> de Esteban Esquivel y <em>Unamuno<br \/>\nEnclave de Cine <\/em>del aula enclave del IES San Diego de Alcal\u00e1.<\/p>\n<p>Fuerteventura Film Commission puso en marcha<br \/>\neste Festival de Cortometrajes, en colaboraci\u00f3n con el cineasta majorero Adri\u00e1n<br \/>\nTejero y su productora \u00c1rida Films. La presidenta insular, Lola Garc\u00eda, destac\u00f3<br \/>\nel festival como \u201cun espacio para dar voz al talento audiovisual de nuestra<br \/>\nisla. Es emocionante ver c\u00f3mo tantas miradas creativas se han reunido para<br \/>\ncompartir su visi\u00f3n de Fuerteventura y demostrar que aqu\u00ed tambi\u00e9n se hacen<br \/>\nhistorias con alma y calidad\u201d.<\/p>\n<p>Por su parte, la consejera de Fuerteventura<br \/>\nFilm Commission, Nereida Calero, agradeci\u00f3 la participaci\u00f3n \u201cen un festival que<br \/>\nnace hoy para impulsar el talento local y poner en valor nuestro territorio e<br \/>\nidentidad a trav\u00e9s de las historias elaboradas, esperando tener pr\u00f3ximas<br \/>\nediciones\u201d. \u00a0<\/p>\n<p>Adri\u00e1n Tejero ha destacado la calidad de los<br \/>\ncortometrajes presentados, \u201ccon propuestas muy interesantes e inspiradoras en<br \/>\ntorno a la tem\u00e1tica principal, que en esta edici\u00f3n se centra en Nuestra Se\u00f1ora<br \/>\nde La Pe\u00f1a\u201d. \u201cEl pueblo de Fuerteventura se ha volcado en este festival. Es una<br \/>\nbonita oportunidad que ofrece Fuerteventura Film Commission para demostrar que<br \/>\nse hacen este tipo de cosas en la Isla\u201d, a\u00f1adi\u00f3 el cineasta.<\/p>\n<\/div>\n","protected":false},"excerpt":{"rendered":"<p>12 diciembre, 2025 El Auditorio Insular acogi\u00f3 la gala final del Festival de Cortometrajes de FFC, donde se proyectaron los cortos presentados a concurso Festival de Cortometrajes de Fuerteventura Film [&hellip;]<\/p>\n","protected":false},"author":1,"featured_media":15290,"comment_status":"open","ping_status":"open","sticky":false,"template":"","format":"standard","meta":{"inline_featured_image":false,"jnews-multi-image_gallery":[],"jnews_single_post":[],"jnews_primary_category":[],"jnews_social_meta":[],"jnews_override_counter":[],"jnews_post_split":[],"footnotes":""},"categories":[58],"tags":[],"class_list":["post-15288","post","type-post","status-publish","format-standard","has-post-thumbnail","hentry","category-cabildo"],"jetpack_featured_media_url":"https:\/\/informacionlocal.es\/wp-content\/uploads\/2025\/12\/1765533881-fb6bfe7b57cabc5b98f18cb76bd34c55.jpg","_links":{"self":[{"href":"https:\/\/informacionlocal.es\/de\/wp-json\/wp\/v2\/posts\/15288","targetHints":{"allow":["GET"]}}],"collection":[{"href":"https:\/\/informacionlocal.es\/de\/wp-json\/wp\/v2\/posts"}],"about":[{"href":"https:\/\/informacionlocal.es\/de\/wp-json\/wp\/v2\/types\/post"}],"author":[{"embeddable":true,"href":"https:\/\/informacionlocal.es\/de\/wp-json\/wp\/v2\/users\/1"}],"replies":[{"embeddable":true,"href":"https:\/\/informacionlocal.es\/de\/wp-json\/wp\/v2\/comments?post=15288"}],"version-history":[{"count":0,"href":"https:\/\/informacionlocal.es\/de\/wp-json\/wp\/v2\/posts\/15288\/revisions"}],"wp:featuredmedia":[{"embeddable":true,"href":"https:\/\/informacionlocal.es\/de\/wp-json\/wp\/v2\/media\/15290"}],"wp:attachment":[{"href":"https:\/\/informacionlocal.es\/de\/wp-json\/wp\/v2\/media?parent=15288"}],"wp:term":[{"taxonomy":"category","embeddable":true,"href":"https:\/\/informacionlocal.es\/de\/wp-json\/wp\/v2\/categories?post=15288"},{"taxonomy":"post_tag","embeddable":true,"href":"https:\/\/informacionlocal.es\/de\/wp-json\/wp\/v2\/tags?post=15288"}],"curies":[{"name":"wp","href":"https:\/\/api.w.org\/{rel}","templated":true}]}}