{"id":15258,"date":"2025-12-11T08:58:25","date_gmt":"2025-12-11T08:58:25","guid":{"rendered":"https:\/\/informacionlocal.es\/se-reanuda-manana-el-servicio-de-guaguas-de-la-linea-morro-jable-cofete-punta-de-jandia\/"},"modified":"2025-12-11T08:58:25","modified_gmt":"2025-12-11T08:58:25","slug":"se-reanuda-manana-el-servicio-de-guaguas-de-la-linea-morro-jable-cofete-punta-de-jandia","status":"publish","type":"post","link":"https:\/\/informacionlocal.es\/de\/se-reanuda-manana-el-servicio-de-guaguas-de-la-linea-morro-jable-cofete-punta-de-jandia\/","title":{"rendered":"Se reanuda ma\u00f1ana el servicio de guaguas de la l\u00ednea Morro Jable-Cofete-Punta de Jand\u00eda"},"content":{"rendered":"<div class=\"entry-content\"><strong>11 diciembre, 2025<\/strong><\/p>\n<p>El Cabildo de Fuerteventura, a trav\u00e9s de la Consejer\u00eda de Transportes, comunica que la l\u00ednea 111 del transporte regular interurbano (Morro Jable-Cofete-Punta de Jand\u00eda) reanuda su servicio ma\u00f1ana, 11 de diciembre.<\/p>\n<p>Esta l\u00ednea fue suspendida temporalmente por da\u00f1os causados debido a condiciones meteorol\u00f3gicas adversas, que compromet\u00edan la seguridad de los veh\u00edculos y viajeros. Una vez finalizadas las labores de acondicionamiento del camino, llevados a cabo por el Servicio de Obras y Maquinaria del Cabildo, se recupera el servicio con todas las garant\u00edas.<\/p>\n<p>Desde la Corporaci\u00f3n insular se ruega disculpas a las personas usuarias por las molestias ocasionadas.\u00a0<\/p>\n<\/div>\n","protected":false},"excerpt":{"rendered":"<p>11 diciembre, 2025 El Cabildo de Fuerteventura, a trav\u00e9s de la Consejer\u00eda de Transportes, comunica que la l\u00ednea 111 del transporte regular interurbano (Morro Jable-Cofete-Punta de Jand\u00eda) reanuda su servicio [&hellip;]<\/p>\n","protected":false},"author":1,"featured_media":15260,"comment_status":"open","ping_status":"open","sticky":false,"template":"","format":"standard","meta":{"inline_featured_image":false,"jnews-multi-image_gallery":[],"jnews_single_post":[],"jnews_primary_category":[],"jnews_social_meta":[],"jnews_override_counter":[],"jnews_post_split":[],"footnotes":""},"categories":[58],"tags":[82,75],"class_list":["post-15258","post","type-post","status-publish","format-standard","has-post-thumbnail","hentry","category-cabildo","tag-fuerteventura","tag-transportes"],"jetpack_featured_media_url":"https:\/\/informacionlocal.es\/wp-content\/uploads\/2025\/12\/cofete-2042691_1280.jpg","_links":{"self":[{"href":"https:\/\/informacionlocal.es\/de\/wp-json\/wp\/v2\/posts\/15258","targetHints":{"allow":["GET"]}}],"collection":[{"href":"https:\/\/informacionlocal.es\/de\/wp-json\/wp\/v2\/posts"}],"about":[{"href":"https:\/\/informacionlocal.es\/de\/wp-json\/wp\/v2\/types\/post"}],"author":[{"embeddable":true,"href":"https:\/\/informacionlocal.es\/de\/wp-json\/wp\/v2\/users\/1"}],"replies":[{"embeddable":true,"href":"https:\/\/informacionlocal.es\/de\/wp-json\/wp\/v2\/comments?post=15258"}],"version-history":[{"count":0,"href":"https:\/\/informacionlocal.es\/de\/wp-json\/wp\/v2\/posts\/15258\/revisions"}],"wp:featuredmedia":[{"embeddable":true,"href":"https:\/\/informacionlocal.es\/de\/wp-json\/wp\/v2\/media\/15260"}],"wp:attachment":[{"href":"https:\/\/informacionlocal.es\/de\/wp-json\/wp\/v2\/media?parent=15258"}],"wp:term":[{"taxonomy":"category","embeddable":true,"href":"https:\/\/informacionlocal.es\/de\/wp-json\/wp\/v2\/categories?post=15258"},{"taxonomy":"post_tag","embeddable":true,"href":"https:\/\/informacionlocal.es\/de\/wp-json\/wp\/v2\/tags?post=15258"}],"curies":[{"name":"wp","href":"https:\/\/api.w.org\/{rel}","templated":true}]}}