{"id":15234,"date":"2025-12-10T18:58:32","date_gmt":"2025-12-10T18:58:32","guid":{"rendered":"https:\/\/informacionlocal.es\/la-gala-del-festival-de-cortos-de-fuerteventura-film-commission-se-celebra-manana-en-el-auditorio-insular\/"},"modified":"2025-12-10T18:58:32","modified_gmt":"2025-12-10T18:58:32","slug":"la-gala-del-festival-de-cortos-de-fuerteventura-film-commission-se-celebra-manana-en-el-auditorio-insular","status":"publish","type":"post","link":"https:\/\/informacionlocal.es\/de\/la-gala-del-festival-de-cortos-de-fuerteventura-film-commission-se-celebra-manana-en-el-auditorio-insular\/","title":{"rendered":"La gala del Festival de Cortos de Fuerteventura Film Commission se celebra ma\u00f1ana en el Auditorio Insular\ufeff"},"content":{"rendered":"<div class=\"entry-content\"><strong>10 diciembre, 2025<\/strong><\/p>\n<p><strong><em>El evento, totalmente gratuito hasta completar aforo, comenzar\u00e1 a<br \/>\npartir de las 19.00 horas y contar\u00e1 con la proyecci\u00f3n de las obras presentadas<br \/>\na concurso<\/em><\/strong><\/p>\n<p>El Festival de Cortometrajes de Fuerteventura Film Commission<br \/>\ncelebra su gala final este jueves, 11 de diciembre, a las 19.00 horas, en el<br \/>\nAuditorio Insular de Fuerteventura (Puerto del Rosario). El acceso es gratuito<br \/>\nhasta completar aforo.<\/p>\n<p>Durante la gala, se proyectar\u00e1n los ocho cortometrajes presentados<br \/>\na concurso y se har\u00e1 entrega del premio al ganador\/a, valorado en 700<br \/>\neuros.\u00a0 El corto ganador ser\u00e1<br \/>\nseleccionado por un jurado formado por profesionales de la Isla como Miguel<br \/>\nLetang, Pedro Estoico y el cineasta majorero Adri\u00e1n Tejero.<\/p>\n<p>Fuerteventura Film Commission puso en marcha su primer Festival de<br \/>\nCortometrajes el pasado mes de septiembre, en colaboraci\u00f3n con Adri\u00e1n Tejero y<br \/>\nla productora \u00c1rida Films. <\/p>\n<p>La consejera de Fuerteventura Film Commission, Nereida Calero,<br \/>\nse\u00f1ala que \u201cel festival supone una oportunidad para visibilizar el talento<br \/>\nlocal y fomentar la creatividad, persiguiendo el objetivo de que cada historia<br \/>\ncuente un pedazo de nuestra isla\u201d.<\/p>\n<p>Se han presentado un total de ocho creaciones audiovisuales de<br \/>\ndiferentes g\u00e9neros, inspiradas en esta primera edici\u00f3n en la tem\u00e1tica de la<br \/>\npatrona de la isla de Fuerteventura, Nuestra Se\u00f1ora de La Pe\u00f1a, las cuales<br \/>\nser\u00e1n proyectadas durante la gala.<\/p>\n<\/div>\n","protected":false},"excerpt":{"rendered":"<p>10 diciembre, 2025 El evento, totalmente gratuito hasta completar aforo, comenzar\u00e1 a partir de las 19.00 horas y contar\u00e1 con la proyecci\u00f3n de las obras presentadas a concurso El Festival [&hellip;]<\/p>\n","protected":false},"author":1,"featured_media":15236,"comment_status":"open","ping_status":"open","sticky":false,"template":"","format":"standard","meta":{"inline_featured_image":false,"jnews-multi-image_gallery":[],"jnews_single_post":[],"jnews_primary_category":[],"jnews_social_meta":[],"jnews_override_counter":[],"jnews_post_split":[],"footnotes":""},"categories":[58],"tags":[],"class_list":["post-15234","post","type-post","status-publish","format-standard","has-post-thumbnail","hentry","category-cabildo"],"jetpack_featured_media_url":"https:\/\/informacionlocal.es\/wp-content\/uploads\/2025\/12\/festival-cortos.jpeg","_links":{"self":[{"href":"https:\/\/informacionlocal.es\/de\/wp-json\/wp\/v2\/posts\/15234","targetHints":{"allow":["GET"]}}],"collection":[{"href":"https:\/\/informacionlocal.es\/de\/wp-json\/wp\/v2\/posts"}],"about":[{"href":"https:\/\/informacionlocal.es\/de\/wp-json\/wp\/v2\/types\/post"}],"author":[{"embeddable":true,"href":"https:\/\/informacionlocal.es\/de\/wp-json\/wp\/v2\/users\/1"}],"replies":[{"embeddable":true,"href":"https:\/\/informacionlocal.es\/de\/wp-json\/wp\/v2\/comments?post=15234"}],"version-history":[{"count":0,"href":"https:\/\/informacionlocal.es\/de\/wp-json\/wp\/v2\/posts\/15234\/revisions"}],"wp:featuredmedia":[{"embeddable":true,"href":"https:\/\/informacionlocal.es\/de\/wp-json\/wp\/v2\/media\/15236"}],"wp:attachment":[{"href":"https:\/\/informacionlocal.es\/de\/wp-json\/wp\/v2\/media?parent=15234"}],"wp:term":[{"taxonomy":"category","embeddable":true,"href":"https:\/\/informacionlocal.es\/de\/wp-json\/wp\/v2\/categories?post=15234"},{"taxonomy":"post_tag","embeddable":true,"href":"https:\/\/informacionlocal.es\/de\/wp-json\/wp\/v2\/tags?post=15234"}],"curies":[{"name":"wp","href":"https:\/\/api.w.org\/{rel}","templated":true}]}}