{"id":15202,"date":"2025-12-10T13:58:33","date_gmt":"2025-12-10T13:58:33","guid":{"rendered":"https:\/\/informacionlocal.es\/el-cabildo-realiza-trabajos-de-limpieza-en-la-charca-de-jarugo-en-el-municipio-de-puerto-del-rosario\/"},"modified":"2025-12-10T13:58:33","modified_gmt":"2025-12-10T13:58:33","slug":"el-cabildo-realiza-trabajos-de-limpieza-en-la-charca-de-jarugo-en-el-municipio-de-puerto-del-rosario","status":"publish","type":"post","link":"https:\/\/informacionlocal.es\/de\/el-cabildo-realiza-trabajos-de-limpieza-en-la-charca-de-jarugo-en-el-municipio-de-puerto-del-rosario\/","title":{"rendered":"El Cabildo realiza trabajos de limpieza en la charca de Jarugo, en el municipio de Puerto del Rosario"},"content":{"rendered":"<div class=\"entry-content\"><strong>10 diciembre, 2025<\/strong><\/p>\n<p>El Cabildo de Fuerteventura ejecuta labores de<br \/>\nlimpieza en la charca de Jarugo, en el municipio de Puerto del Rosario. Unos<br \/>\ntrabajos que forman parte del programa \u2018Fuerteventura, bonita por naturaleza\u2019,<br \/>\nque incluye acciones por todo el territorio insular para la conservaci\u00f3n no<br \/>\ns\u00f3lo de entornos naturales, sino tambi\u00e9n elementos patrimoniales y urbanos. <\/p>\n<p>En este caso, apunt\u00f3 la presidenta del Cabildo<br \/>\nde Fuerteventura, Lola Garc\u00eda, con \u201cunas actuaciones que hasta ahora no se<br \/>\nhab\u00edan realizado en este espacio construido hace treinta a\u00f1os, que requer\u00eda de<br \/>\nuna limpieza tal y como nos ha solicitado el comisionado de costa de Puerto del<br \/>\nRosario, Antonio Cabrera\u201d. <\/p>\n<p>De esta manera, los operarios del programa<br \/>\n\u2018Fuerteventura, bonita por naturaleza\u2019 acondicionan este espacio, \u201cque es<br \/>\nimportante para el aprovechamiento del agua superficial y tambi\u00e9n como elemento<br \/>\nque forma parte de la identidad de nuestro paisaje majorero\u201d.<\/p>\n<p>Una acci\u00f3n, prosigui\u00f3 la presidenta, \u201cque<br \/>\nviene a complementar la labor que se planifica desde el Consejo Insular de<br \/>\nAguas para recuperar este tipo de elementos, que son tan valiosos para nuestra<br \/>\nIsla\u201d.<\/p>\n<p>El consejero de Obras y Maquinaria, Blas<br \/>\nAcosta recuerda la importancia de mantener charcas, gavias y maretas, ya que<br \/>\nsuponen elementos muy valiosos para conservar el agua de lluvia y ayudar a<br \/>\nreponer los acu\u00edferos de la isla.<\/p>\n<p>Durante una reciente visita a los trabajos, el<br \/>\nconcejal de Servicios Municipales, Pueblos y Barrios de Puerto del Rosario,<br \/>\nDavid de Le\u00f3n, ha agradecido la coordinaci\u00f3n del Cabildo desde el programa<br \/>\n\u2018Fuerteventura, bonita por naturaleza\u2019, con acciones de mejora en los<br \/>\ndiferentes rincones de la Isla.<\/p>\n<\/div>\n","protected":false},"excerpt":{"rendered":"<p>10 diciembre, 2025 El Cabildo de Fuerteventura ejecuta labores de limpieza en la charca de Jarugo, en el municipio de Puerto del Rosario. Unos trabajos que forman parte del programa [&hellip;]<\/p>\n","protected":false},"author":1,"featured_media":15204,"comment_status":"open","ping_status":"open","sticky":false,"template":"","format":"standard","meta":{"inline_featured_image":false,"jnews-multi-image_gallery":[],"jnews_single_post":[],"jnews_primary_category":[],"jnews_social_meta":[],"jnews_override_counter":[],"jnews_post_split":[],"footnotes":""},"categories":[58],"tags":[82],"class_list":["post-15202","post","type-post","status-publish","format-standard","has-post-thumbnail","hentry","category-cabildo","tag-fuerteventura"],"jetpack_featured_media_url":"https:\/\/informacionlocal.es\/wp-content\/uploads\/2025\/12\/charca-de-jarugo.jpeg","_links":{"self":[{"href":"https:\/\/informacionlocal.es\/de\/wp-json\/wp\/v2\/posts\/15202","targetHints":{"allow":["GET"]}}],"collection":[{"href":"https:\/\/informacionlocal.es\/de\/wp-json\/wp\/v2\/posts"}],"about":[{"href":"https:\/\/informacionlocal.es\/de\/wp-json\/wp\/v2\/types\/post"}],"author":[{"embeddable":true,"href":"https:\/\/informacionlocal.es\/de\/wp-json\/wp\/v2\/users\/1"}],"replies":[{"embeddable":true,"href":"https:\/\/informacionlocal.es\/de\/wp-json\/wp\/v2\/comments?post=15202"}],"version-history":[{"count":0,"href":"https:\/\/informacionlocal.es\/de\/wp-json\/wp\/v2\/posts\/15202\/revisions"}],"wp:featuredmedia":[{"embeddable":true,"href":"https:\/\/informacionlocal.es\/de\/wp-json\/wp\/v2\/media\/15204"}],"wp:attachment":[{"href":"https:\/\/informacionlocal.es\/de\/wp-json\/wp\/v2\/media?parent=15202"}],"wp:term":[{"taxonomy":"category","embeddable":true,"href":"https:\/\/informacionlocal.es\/de\/wp-json\/wp\/v2\/categories?post=15202"},{"taxonomy":"post_tag","embeddable":true,"href":"https:\/\/informacionlocal.es\/de\/wp-json\/wp\/v2\/tags?post=15202"}],"curies":[{"name":"wp","href":"https:\/\/api.w.org\/{rel}","templated":true}]}}