{"id":15196,"date":"2025-12-10T12:58:33","date_gmt":"2025-12-10T12:58:33","guid":{"rendered":"https:\/\/informacionlocal.es\/comienza-la-39a-edicion-del-tradicional-encuentro-insular-de-villancicos-en-antigua\/"},"modified":"2025-12-10T12:58:33","modified_gmt":"2025-12-10T12:58:33","slug":"comienza-la-39a-edicion-del-tradicional-encuentro-insular-de-villancicos-en-antigua","status":"publish","type":"post","link":"https:\/\/informacionlocal.es\/de\/comienza-la-39a-edicion-del-tradicional-encuentro-insular-de-villancicos-en-antigua\/","title":{"rendered":"Comienza la 39\u00aa edici\u00f3n del tradicional Encuentro Insular de Villancicos en Antigua"},"content":{"rendered":"<div class=\"elementor-widget-container\">\n<p><strong>Comienza la 39\u00aa edici\u00f3n del tradicional Encuentro Insular de Villancicos en Antigua<\/strong><\/p>\n<p><strong>\u2022 M\u00e1s de 400 voces infantiles participan este jueves y viernes en la treinta nueve edici\u00f3n del Encuentro Insular de Villancicos de Antigua. <\/strong><br \/><strong>\u2022 Jueves 11 y viernes 12 desde las 10:00 horas, Encuentro Insular Infantil de Villancicos en Antigua con centros escolares de todos los municipios de la isla. <\/strong><br \/><strong>\u2022 S\u00e1bado 13 desde las 18:00 horas, Encuentro Insular de Villancicos con agrupaciones adultas de colectivos, parrandas, escuelas de m\u00fasica y asociaciones.<\/strong><\/p>\n<p>El Ayuntamiento de Antigua y la Fundaci\u00f3n Colectivo Mafasca anuncian el comienzo del tradicional Encuentro Insular de Villancicos que celebra este a\u00f1o 39 ediciones, y lo hace en el magn\u00edfico e hist\u00f3rico escenario y la mejor ac\u00fastica, que ofrece la Iglesia Nuestra Se\u00f1ora de La Antigua.<\/p>\n<p>Las agrupaciones de los centros escolares inician esta celebraci\u00f3n y encuentro navide\u00f1o, representando desde las 10 de la ma\u00f1ana este jueves y viernes, las canciones m\u00e1s tradicionales navide\u00f1as como propias y divertidas composiciones, siempre cantando con llamativos atuendos que identifican clases, centros y tem\u00e1ticas de estas fechas, desde elfos, numerosos papas Noel, renos o m\u00e1gicos personales de la Navidad.<\/p>\n<p>El Ayuntamiento de Antigua desde la concejal\u00eda de Cultura facilita el transporte y desplazamiento a todas las agrupaciones infantiles de los centros escolares participantes, se\u00f1ala el alcalde, Mat\u00edas Pe\u00f1a, que agradece la colaboraci\u00f3n de la parroquia como la asistencia de familiares y profesores que juegan un papel c\u00f3mplice en la organizaci\u00f3n y buen desarrollo de un Encuentro Infantil que s\u00f3lo el a\u00f1o pasado reuni\u00f3 m\u00e1s de 400 voces cantoras de ni\u00f1os y ni\u00f1as.<\/p>\n<p>La Organizaci\u00f3n dispone tambi\u00e9n sorpresas a los participantes y un c\u00e1lido recibimiento a los m\u00e1s peque\u00f1os y peque\u00f1as, que podr\u00e1n disfrutar a su llegada de un delicioso chocolate caliente, a\u00f1ade el concejal de Cultura, Jonathan Pe\u00f1a.<\/p>\n<\/div>\n","protected":false},"excerpt":{"rendered":"<p><strong>Comienza la 39\u00aa edici\u00f3n del tradicional Encuentro Insular de Villancicos en Antigua<\/strong><\/p>\n","protected":false},"author":1,"featured_media":15198,"comment_status":"open","ping_status":"open","sticky":false,"template":"","format":"standard","meta":{"inline_featured_image":false,"jnews-multi-image_gallery":[],"jnews_single_post":[],"jnews_primary_category":[],"jnews_social_meta":[],"jnews_override_counter":[],"jnews_post_split":[],"footnotes":""},"categories":[59],"tags":[65],"class_list":["post-15196","post","type-post","status-publish","format-standard","has-post-thumbnail","hentry","category-antigua","tag-municipios"],"jetpack_featured_media_url":"https:\/\/informacionlocal.es\/wp-content\/uploads\/2025\/12\/cartel-encuentro-insular-de-villancicos-scaled-1.jpg","_links":{"self":[{"href":"https:\/\/informacionlocal.es\/de\/wp-json\/wp\/v2\/posts\/15196","targetHints":{"allow":["GET"]}}],"collection":[{"href":"https:\/\/informacionlocal.es\/de\/wp-json\/wp\/v2\/posts"}],"about":[{"href":"https:\/\/informacionlocal.es\/de\/wp-json\/wp\/v2\/types\/post"}],"author":[{"embeddable":true,"href":"https:\/\/informacionlocal.es\/de\/wp-json\/wp\/v2\/users\/1"}],"replies":[{"embeddable":true,"href":"https:\/\/informacionlocal.es\/de\/wp-json\/wp\/v2\/comments?post=15196"}],"version-history":[{"count":0,"href":"https:\/\/informacionlocal.es\/de\/wp-json\/wp\/v2\/posts\/15196\/revisions"}],"wp:featuredmedia":[{"embeddable":true,"href":"https:\/\/informacionlocal.es\/de\/wp-json\/wp\/v2\/media\/15198"}],"wp:attachment":[{"href":"https:\/\/informacionlocal.es\/de\/wp-json\/wp\/v2\/media?parent=15196"}],"wp:term":[{"taxonomy":"category","embeddable":true,"href":"https:\/\/informacionlocal.es\/de\/wp-json\/wp\/v2\/categories?post=15196"},{"taxonomy":"post_tag","embeddable":true,"href":"https:\/\/informacionlocal.es\/de\/wp-json\/wp\/v2\/tags?post=15196"}],"curies":[{"name":"wp","href":"https:\/\/api.w.org\/{rel}","templated":true}]}}