{"id":15160,"date":"2025-12-09T19:58:29","date_gmt":"2025-12-09T19:58:29","guid":{"rendered":"https:\/\/informacionlocal.es\/el-ayuntamiento-de-pajara-celebra-que-el-gobierno-de-canarias-haya-sacado-a-licitacion-el-proyecto-del-cae-en-la-lajita\/"},"modified":"2025-12-09T19:58:29","modified_gmt":"2025-12-09T19:58:29","slug":"el-ayuntamiento-de-pajara-celebra-que-el-gobierno-de-canarias-haya-sacado-a-licitacion-el-proyecto-del-cae-en-la-lajita","status":"publish","type":"post","link":"https:\/\/informacionlocal.es\/de\/el-ayuntamiento-de-pajara-celebra-que-el-gobierno-de-canarias-haya-sacado-a-licitacion-el-proyecto-del-cae-en-la-lajita\/","title":{"rendered":"El Ayuntamiento de P\u00e1jara celebra que el Gobierno de Canarias haya sacado a licitaci\u00f3n el proyecto del CAE en La Lajita"},"content":{"rendered":"<div class=\"entry-content\">\n<p><b>\u00a0<\/b><b><i>El alcalde, Alejandro Jorge, y el primer teniente de alcalde, Alexis Alonso, destacan la noticia como una de las m\u00e1s importantes en la historia del municipio y ponen en valor el trabajo entre instituciones en beneficio de la poblaci\u00f3n<\/i><\/b><\/p>\n<p><span>El Ayuntamiento de P\u00e1jara celebra que el Gobierno de Canarias haya licitado el Centro de Atenci\u00f3n de Especialidades M\u00e9dicas (CAE) en La Lajita. El Ejecutivo regional ha puesto en marcha el proyecto y en los pr\u00f3ximos\u00a0 meses presentar\u00e1 el plan funcional.<\/span><\/p>\n<p><span>Esta actuaci\u00f3n supondr\u00e1 que la poblaci\u00f3n del sur de la isla pueda beneficiarse de cada una de las especialidades m\u00e9dicas que disponga esta infraestructura. El Ayuntamiento de P\u00e1jara, en este mandado, ha trabajado en concluir las acciones t\u00e9cnicas, jur\u00eddicas y administrativas para que el Gobierno de Canarias aceptara el suelo, una cesi\u00f3n que ven\u00eda trabaj\u00e1ndose desde mandatos anteriores.<\/span><\/p>\n<p><span>Para el alcalde de P\u00e1jara, Alejandro Jorge, y el primer teniente de alcalde, Alexis Alonso, esta noticia es una de las m\u00e1s importantes en la historia del municipio, dado que se cumple una demanda hist\u00f3rica. El paso previo al inicio de las obras lleva a la aprobaci\u00f3n del proyecto. Por ello, ha sido necesaria la cesi\u00f3n de suelo municipal por parte del Consistorio.<\/span><\/p>\n<p><span>El primer teniente de alcalde, Alexis Alonso, destaca que \u201cdesde la Oficina T\u00e9cnica se ha hecho la gesti\u00f3n urban\u00edstica pertinente con modificaciones del planeamiento para la viabilidad de la parcela. Adem\u00e1s, apunta que \u201cFuerteventura ser\u00e1 la primera isla no capitalina en tener un segundo hospital, alojado en nuestro municipio, y la respuesta sanitaria que tendr\u00e1 ser\u00e1 inminente\u201d.\u00a0<\/span><\/p>\n<p><span>El alcalde de P\u00e1jara, Alejandro Jorge, califica de gran noticia para terminar este a\u00f1o la licitaci\u00f3n de este proyecto y se\u00f1ala que \u201cel grupo de gobierno no tuvo ninguna duda de que trabajando conjuntamente entre instituciones la redacci\u00f3n de este proyecto iba a ser una realidad\u201d. Asimismo, subraya que \u201cnuestros vecinos y vecinas se merecen todos los servicios posibles y la sanidad, como pilar fundamental, es uno de los principales\u201d.\u00a0<\/span><\/p>\n<\/div>\n","protected":false},"excerpt":{"rendered":"<p><i>El alcalde, Alejandro Jorge, y el primer teniente de alcalde, Alexis Alonso, destacan la noticia como una de las m\u00e1s importantes en la historia del municipio y ponen en valor el trabajo entre instituciones en beneficio de la poblaci\u00f3n<\/i><\/p>\n","protected":false},"author":1,"featured_media":15162,"comment_status":"open","ping_status":"open","sticky":false,"template":"","format":"standard","meta":{"inline_featured_image":false,"jnews-multi-image_gallery":[],"jnews_single_post":[],"jnews_primary_category":[],"jnews_social_meta":[],"jnews_override_counter":[],"jnews_post_split":[],"footnotes":""},"categories":[63],"tags":[82,74],"class_list":["post-15160","post","type-post","status-publish","format-standard","has-post-thumbnail","hentry","category-pajara","tag-fuerteventura","tag-sanidad"],"jetpack_featured_media_url":"https:\/\/informacionlocal.es\/wp-content\/uploads\/2025\/12\/alejandro-jorge-junto-a-alexis-alonso-1200x900-1-1.jpeg","_links":{"self":[{"href":"https:\/\/informacionlocal.es\/de\/wp-json\/wp\/v2\/posts\/15160","targetHints":{"allow":["GET"]}}],"collection":[{"href":"https:\/\/informacionlocal.es\/de\/wp-json\/wp\/v2\/posts"}],"about":[{"href":"https:\/\/informacionlocal.es\/de\/wp-json\/wp\/v2\/types\/post"}],"author":[{"embeddable":true,"href":"https:\/\/informacionlocal.es\/de\/wp-json\/wp\/v2\/users\/1"}],"replies":[{"embeddable":true,"href":"https:\/\/informacionlocal.es\/de\/wp-json\/wp\/v2\/comments?post=15160"}],"version-history":[{"count":0,"href":"https:\/\/informacionlocal.es\/de\/wp-json\/wp\/v2\/posts\/15160\/revisions"}],"wp:featuredmedia":[{"embeddable":true,"href":"https:\/\/informacionlocal.es\/de\/wp-json\/wp\/v2\/media\/15162"}],"wp:attachment":[{"href":"https:\/\/informacionlocal.es\/de\/wp-json\/wp\/v2\/media?parent=15160"}],"wp:term":[{"taxonomy":"category","embeddable":true,"href":"https:\/\/informacionlocal.es\/de\/wp-json\/wp\/v2\/categories?post=15160"},{"taxonomy":"post_tag","embeddable":true,"href":"https:\/\/informacionlocal.es\/de\/wp-json\/wp\/v2\/tags?post=15160"}],"curies":[{"name":"wp","href":"https:\/\/api.w.org\/{rel}","templated":true}]}}