{"id":15148,"date":"2025-12-09T17:58:29","date_gmt":"2025-12-09T17:58:29","guid":{"rendered":"https:\/\/informacionlocal.es\/taller-especial-de-navidad-de-iniciacion-a-la-transformacion-de-la-lana\/"},"modified":"2025-12-09T17:58:29","modified_gmt":"2025-12-09T17:58:29","slug":"taller-especial-de-navidad-de-iniciacion-a-la-transformacion-de-la-lana","status":"publish","type":"post","link":"https:\/\/informacionlocal.es\/de\/taller-especial-de-navidad-de-iniciacion-a-la-transformacion-de-la-lana\/","title":{"rendered":"Taller especial de Navidad de Iniciaci\u00f3n a la Transformaci\u00f3n de la lana"},"content":{"rendered":"<div class=\"elementor-widget-container\">\n<p><strong>Taller especial de Navidad de Iniciaci\u00f3n a la Transformaci\u00f3n de la lana<\/strong><\/p>\n<p><strong>\u2022 Antigua colabora con GDRMaxorata para ofrecer un Taller Especial de Navidad sobre la transformaci\u00f3n de la lana. <\/strong><br \/><strong>\u2022 Este viernes 12 de diciembre de 16:00 a 20:00 horas en el Centro Cultural de La Corte. <\/strong><br \/><strong>\u2022 Taller impartido por la maestra herre\u00f1a, artesana del hilado de la lana, Beatriz Ballester Mor\u00f3n.<\/strong><br \/><strong>\u2022 Inscripci\u00f3n gratuita en gdrmaxoratacursos@gmail.com<\/strong><\/p>\n<p>El Ayuntamiento de Antigua colabora con el grupo GDRMaxorata en la organizaci\u00f3n de un Taller Especial de Navidad de Iniciaci\u00f3n a la Transformaci\u00f3n de la lana, este viernes 12 de diciembre de 16:00 a 20:00 horas en el Centro Cultural de La Corte.<\/p>\n<p>El alcalde, Mat\u00edas Pe\u00f1a Garc\u00eda, y tambi\u00e9n el consejero impulsor de la iniciativa desde la Consejer\u00eda de Agricultura, Ganader\u00eda y Pesca del Cabildo de Fuerteventura, recuerda el \u00e9xito de asistencia de la primera edici\u00f3n de este Taller de Iniciaci\u00f3n a la transformaci\u00f3n de la lana, as\u00ed como el compromiso de volver a organizarlo para responder al inter\u00e9s despertado.<\/p>\n<p>La inscripci\u00f3n es gratuita y el taller ofrece cuatro horas de trabajo con el vell\u00f3n de lana, lavando, cardando y obteniendo telas o trenzados que permitir\u00e1 a los asistentes elaborar adornos navide\u00f1os.<\/p>\n<p>El taller de Iniciaci\u00f3n a la transformaci\u00f3n de la lana se ofrece este viernes 12 por la tarde en Antigua y el s\u00e1bado 13 por la ma\u00f1ana en el centro cultural de P\u00e1jara, dirigido a toda persona interesada en conocer t\u00e9cnicas de manejo y elaboraci\u00f3n de la lana, en un taller impartido por la maestra herre\u00f1a, artesana del hilado de la lana, Beatriz Ballester Mor\u00f3n.<\/p>\n<\/div>\n","protected":false},"excerpt":{"rendered":"<p><strong>Taller especial de Navidad de Iniciaci\u00f3n a la Transformaci\u00f3n de la lana<\/strong><\/p>\n","protected":false},"author":1,"featured_media":15150,"comment_status":"open","ping_status":"open","sticky":false,"template":"","format":"standard","meta":{"inline_featured_image":false,"jnews-multi-image_gallery":[],"jnews_single_post":[],"jnews_primary_category":[],"jnews_social_meta":[],"jnews_override_counter":[],"jnews_post_split":[],"footnotes":""},"categories":[59],"tags":[82],"class_list":["post-15148","post","type-post","status-publish","format-standard","has-post-thumbnail","hentry","category-antigua","tag-fuerteventura"],"jetpack_featured_media_url":"https:\/\/informacionlocal.es\/wp-content\/uploads\/2025\/12\/imagen-de-whatsapp-2025-12-05-a-las-15-46-29_b64cda12.jpg","_links":{"self":[{"href":"https:\/\/informacionlocal.es\/de\/wp-json\/wp\/v2\/posts\/15148","targetHints":{"allow":["GET"]}}],"collection":[{"href":"https:\/\/informacionlocal.es\/de\/wp-json\/wp\/v2\/posts"}],"about":[{"href":"https:\/\/informacionlocal.es\/de\/wp-json\/wp\/v2\/types\/post"}],"author":[{"embeddable":true,"href":"https:\/\/informacionlocal.es\/de\/wp-json\/wp\/v2\/users\/1"}],"replies":[{"embeddable":true,"href":"https:\/\/informacionlocal.es\/de\/wp-json\/wp\/v2\/comments?post=15148"}],"version-history":[{"count":0,"href":"https:\/\/informacionlocal.es\/de\/wp-json\/wp\/v2\/posts\/15148\/revisions"}],"wp:featuredmedia":[{"embeddable":true,"href":"https:\/\/informacionlocal.es\/de\/wp-json\/wp\/v2\/media\/15150"}],"wp:attachment":[{"href":"https:\/\/informacionlocal.es\/de\/wp-json\/wp\/v2\/media?parent=15148"}],"wp:term":[{"taxonomy":"category","embeddable":true,"href":"https:\/\/informacionlocal.es\/de\/wp-json\/wp\/v2\/categories?post=15148"},{"taxonomy":"post_tag","embeddable":true,"href":"https:\/\/informacionlocal.es\/de\/wp-json\/wp\/v2\/tags?post=15148"}],"curies":[{"name":"wp","href":"https:\/\/api.w.org\/{rel}","templated":true}]}}