{"id":15130,"date":"2025-12-09T14:59:19","date_gmt":"2025-12-09T14:59:19","guid":{"rendered":"https:\/\/informacionlocal.es\/el-cabildo-de-fuerteventura-lleva-a-la-fecai-su-apoyo-al-sector-pesquero-tradicional\/"},"modified":"2025-12-09T14:59:19","modified_gmt":"2025-12-09T14:59:19","slug":"el-cabildo-de-fuerteventura-lleva-a-la-fecai-su-apoyo-al-sector-pesquero-tradicional","status":"publish","type":"post","link":"https:\/\/informacionlocal.es\/de\/el-cabildo-de-fuerteventura-lleva-a-la-fecai-su-apoyo-al-sector-pesquero-tradicional\/","title":{"rendered":"\ufeffEl Cabildo de Fuerteventura lleva a la FECAI su apoyo al sector pesquero tradicional"},"content":{"rendered":"<div class=\"entry-content\"><strong>9 diciembre, 2025<\/strong><\/p>\n<p><em><strong>La Corporaci\u00f3n insular consigue el compromiso de la FECAI de posicionarse en favor del sector pesquero y en contra del proyecto de cerco industrial que afectar\u00eda a la pesca tradicional y la biodiversidad marina<\/strong><\/em><\/p>\n<p>El Cabildo de Fuerteventura ha llevado a la asamblea de la Federaci\u00f3n Canaria de Islas (FECAI) la problem\u00e1tica a la que se enfrenta el sector pesquero canario ante el plan experimental de cerco industrial aprobado en la ICCAT (Comisi\u00f3n Internacional para la Conservaci\u00f3n del At\u00fan Atl\u00e1ntico). La vicepresidenta segunda, Nuria Cabrera, expuso esta situaci\u00f3n, que han denunciado federaciones y cofrad\u00edas del Archipi\u00e9lago, ya que supondr\u00eda una amenaza grave para la flota artesanal y la biodiversidad marina en Canarias.<\/p>\n<p>La Corporaci\u00f3n insular, que ya mostr\u00f3 su apoyo al sector pesquero y federaciones, ha conseguido arrancar el compromiso del resto de cabildos insulares para rechazar este proyecto y exigir al Gobierno de Espa\u00f1a su retirada. De este modo, los cabildos han acordado redactar una moci\u00f3n de forma conjunta, que ser\u00e1 llevada a los sus respectivos plenos para aprobaci\u00f3n, dentro de este objetivo.<\/p>\n<p>Tal y como denuncian los propios profesionales de la pesca, la propuesta amenaza un modelo de pesca tradicional y sostenible, pudiendo ocasionar da\u00f1os irreparables a la rica biodiversidad de los ecosistemas marinos del Archipi\u00e9lago. Adem\u00e1s, fue presentada por la Secretar\u00eda General de Pesca del Gobierno de Canarias sin consultar ni al sector local, ni a las instituciones canarias, pese al impacto directo que supondr\u00eda sobre los caladeros y la pesca como actividad econ\u00f3mica local.<\/p>\n<p>El sector pesquero canario ha levantado la voz ante lo que considera una de las decisiones m\u00e1s preocupantes de los \u00faltimos a\u00f1os para el futuro de esta actividad en Canarias. El documento autoriza un cerco industrial e instalaci\u00f3n de jaulas en aguas canarias, un modelo industrial que choca con la pesca artesanal canaria que constituye una actividad selectiva, respetuosa y sostenible, que dirige la captura del at\u00fan sin afectar a otras especies ni generar da\u00f1os al ecosistema.\u00a0<\/p>\n<\/div>\n","protected":false},"excerpt":{"rendered":"<p>9 diciembre, 2025 La Corporaci\u00f3n insular consigue el compromiso de la FECAI de posicionarse en favor del sector pesquero y en contra del proyecto de cerco industrial que afectar\u00eda a [&hellip;]<\/p>\n","protected":false},"author":1,"featured_media":15132,"comment_status":"open","ping_status":"open","sticky":false,"template":"","format":"standard","meta":{"inline_featured_image":false,"jnews-multi-image_gallery":[],"jnews_single_post":[],"jnews_primary_category":[],"jnews_social_meta":[],"jnews_override_counter":[],"jnews_post_split":[],"footnotes":""},"categories":[58],"tags":[82],"class_list":["post-15130","post","type-post","status-publish","format-standard","has-post-thumbnail","hentry","category-cabildo","tag-fuerteventura"],"jetpack_featured_media_url":"https:\/\/informacionlocal.es\/wp-content\/uploads\/2025\/12\/rere.jpeg","_links":{"self":[{"href":"https:\/\/informacionlocal.es\/de\/wp-json\/wp\/v2\/posts\/15130","targetHints":{"allow":["GET"]}}],"collection":[{"href":"https:\/\/informacionlocal.es\/de\/wp-json\/wp\/v2\/posts"}],"about":[{"href":"https:\/\/informacionlocal.es\/de\/wp-json\/wp\/v2\/types\/post"}],"author":[{"embeddable":true,"href":"https:\/\/informacionlocal.es\/de\/wp-json\/wp\/v2\/users\/1"}],"replies":[{"embeddable":true,"href":"https:\/\/informacionlocal.es\/de\/wp-json\/wp\/v2\/comments?post=15130"}],"version-history":[{"count":0,"href":"https:\/\/informacionlocal.es\/de\/wp-json\/wp\/v2\/posts\/15130\/revisions"}],"wp:featuredmedia":[{"embeddable":true,"href":"https:\/\/informacionlocal.es\/de\/wp-json\/wp\/v2\/media\/15132"}],"wp:attachment":[{"href":"https:\/\/informacionlocal.es\/de\/wp-json\/wp\/v2\/media?parent=15130"}],"wp:term":[{"taxonomy":"category","embeddable":true,"href":"https:\/\/informacionlocal.es\/de\/wp-json\/wp\/v2\/categories?post=15130"},{"taxonomy":"post_tag","embeddable":true,"href":"https:\/\/informacionlocal.es\/de\/wp-json\/wp\/v2\/tags?post=15130"}],"curies":[{"name":"wp","href":"https:\/\/api.w.org\/{rel}","templated":true}]}}