{"id":15124,"date":"2025-12-08T02:59:09","date_gmt":"2025-12-08T02:59:09","guid":{"rendered":"https:\/\/informacionlocal.es\/gran-ambiente-en-el-viii-triatlon-de-puerto-del-rosario\/"},"modified":"2025-12-08T02:59:09","modified_gmt":"2025-12-08T02:59:09","slug":"gran-ambiente-en-el-viii-triatlon-de-puerto-del-rosario","status":"publish","type":"post","link":"https:\/\/informacionlocal.es\/de\/gran-ambiente-en-el-viii-triatlon-de-puerto-del-rosario\/","title":{"rendered":"Gran ambiente en el VIII Triatl\u00f3n de Puerto del Rosario"},"content":{"rendered":"<div class=\"entry-content\">\n<p>La capital majorera vivi\u00f3 una jornada deportiva inmejorable, marcada por un clima excepcional, con temperaturas ideales de 22 \u00ba C y un mar completamente en calma. Unas condiciones perfectas que permitieron disfrutar de un VIII Triatl\u00f3n Puerto del Rosario r\u00e1pido, seguro y espectacular, consolidando esta competici\u00f3n como la <strong>\u00faltima prueba oficial del a\u00f1o en Europa y Canarias<\/strong> y convirti\u00e9ndola en un \u00e9xito rotundo.<\/p>\n<p>M\u00e1s de un centenar de triatletas participaron en un escenario natural \u00fanico que situ\u00f3 a Puerto del Rosario como referente europeo del triatl\u00f3n por un d\u00eda. <strong>El factor clim\u00e1tico fue determinante<\/strong>: mientras que en gran parte del continente las bajas temperaturas y el estado del mar impiden completar con normalidad el segmento de nataci\u00f3n, en la capital los jueces <strong>permitieron nadar sin neopreno<\/strong>, lo que garantiz\u00f3 una prueba fluida y de gran nivel competitivo. Todo ello reforz\u00f3 la imagen de Puerto del Rosario como sede id\u00f3nea para eventos deportivos de esta envergadura<\/p>\n<p><strong>RESULTADOS OFICIALES<\/strong><\/p>\n<p><strong>\u00a0SPRINT \u2013 GENERAL MASCULINA<\/strong><\/p>\n<p>1.-<strong>Gregorio Piza Fern\u00e1ndez<\/strong> \u2013 Greco Racing Team \u2013 01:05:18<br \/>\n2.-<strong>Juan Francisco Monserrat de Le\u00f3n<\/strong> \u2013 Independiente \u2013 01:08:16<br \/>\n3.-<strong>Juan Daniel Rodr\u00edguez Reyes<\/strong> \u2013 Club Chamo D\u00edaz \u2013 01:10:46<\/p>\n<p><strong>\u00a0SPRINT \u2013 GENERAL FEMENINA<\/strong><\/p>\n<p><strong>Eliza Razzi<\/strong> \u2013 FuerTri- 01:15:57<br \/><strong>AgataTamborska<\/strong> \u2013 Independiente-01:19:53<br \/><strong>Licua Mart\u00edn Soutelo<\/strong> \u2013 Independiente- 01:21:59<\/p>\n<p><strong>SUPERSPRINT \u2013 GENERAL MASCULINA<\/strong><\/p>\n<p><strong>Abraham Garc\u00eda Robas<\/strong> \u2013 Sport Club Tripate \u2013 00:19:46<br \/><strong>Thiago Barrag\u00e1n Salces<\/strong> \u2013 Sport Club Tripate \u2013 00:21:02<br \/><strong>Nicol\u00e1s Conceiro \u00c1vila<\/strong> \u2013 FuerTri \u2013 00:21:01<\/p>\n<p><strong>SUPERSPRINT \u2013 GENERAL FEMENINA<\/strong><\/p>\n<p><strong>Mar\u00eda Marcos Soraluce<\/strong> \u2013 Sport Club Tripate \u2013 00:19:16<br \/><strong>Valentine Jacqueline Yvonne Giraud<\/strong> \u2013 Sport Club Tripate \u2013 00:21:01<br \/><strong>Alexia Garc\u00eda Molina<\/strong> \u2013 Triator \u2013 00:21:23<\/p>\n<\/div>\n","protected":false},"excerpt":{"rendered":"<p>La capital majorera vivi\u00f3 una jornada deportiva inmejorable, marcada por un clima excepcional, con temperaturas ideales de 22 \u00ba C y un mar completamente en calma. Unas condiciones perfectas que [&hellip;]<\/p>\n","protected":false},"author":1,"featured_media":15126,"comment_status":"open","ping_status":"open","sticky":false,"template":"","format":"standard","meta":{"inline_featured_image":false,"jnews-multi-image_gallery":[],"jnews_single_post":[],"jnews_primary_category":[],"jnews_social_meta":[],"jnews_override_counter":[],"jnews_post_split":[],"footnotes":""},"categories":[61],"tags":[69],"class_list":["post-15124","post","type-post","status-publish","format-standard","has-post-thumbnail","hentry","category-puerto-del-rosario","tag-eventos"],"jetpack_featured_media_url":"https:\/\/informacionlocal.es\/wp-content\/uploads\/2025\/12\/triatlon-t-2-pto-25-fem-alcalde-y-luis.jpg","_links":{"self":[{"href":"https:\/\/informacionlocal.es\/de\/wp-json\/wp\/v2\/posts\/15124","targetHints":{"allow":["GET"]}}],"collection":[{"href":"https:\/\/informacionlocal.es\/de\/wp-json\/wp\/v2\/posts"}],"about":[{"href":"https:\/\/informacionlocal.es\/de\/wp-json\/wp\/v2\/types\/post"}],"author":[{"embeddable":true,"href":"https:\/\/informacionlocal.es\/de\/wp-json\/wp\/v2\/users\/1"}],"replies":[{"embeddable":true,"href":"https:\/\/informacionlocal.es\/de\/wp-json\/wp\/v2\/comments?post=15124"}],"version-history":[{"count":0,"href":"https:\/\/informacionlocal.es\/de\/wp-json\/wp\/v2\/posts\/15124\/revisions"}],"wp:featuredmedia":[{"embeddable":true,"href":"https:\/\/informacionlocal.es\/de\/wp-json\/wp\/v2\/media\/15126"}],"wp:attachment":[{"href":"https:\/\/informacionlocal.es\/de\/wp-json\/wp\/v2\/media?parent=15124"}],"wp:term":[{"taxonomy":"category","embeddable":true,"href":"https:\/\/informacionlocal.es\/de\/wp-json\/wp\/v2\/categories?post=15124"},{"taxonomy":"post_tag","embeddable":true,"href":"https:\/\/informacionlocal.es\/de\/wp-json\/wp\/v2\/tags?post=15124"}],"curies":[{"name":"wp","href":"https:\/\/api.w.org\/{rel}","templated":true}]}}