{"id":15094,"date":"2025-12-05T19:58:25","date_gmt":"2025-12-05T19:58:25","guid":{"rendered":"https:\/\/informacionlocal.es\/el-cabildo-presenta-el-libro-la-gente-de-mi-barrio-de-gregorio-fulgencio\/"},"modified":"2025-12-05T19:58:25","modified_gmt":"2025-12-05T19:58:25","slug":"el-cabildo-presenta-el-libro-la-gente-de-mi-barrio-de-gregorio-fulgencio","status":"publish","type":"post","link":"https:\/\/informacionlocal.es\/de\/el-cabildo-presenta-el-libro-la-gente-de-mi-barrio-de-gregorio-fulgencio\/","title":{"rendered":"\ufeffEl Cabildo presenta el libro La gente de mi barrio de Gregorio Fulgencio"},"content":{"rendered":"<div class=\"entry-content\"><strong>5 diciembre, 2025<\/strong><\/p>\n<p><em><strong>El Servicio de Publicaciones de la Corporaci\u00f3n insular edita esta obra en la que rinde un emotivo homenaje a su familia, vecinos, vecinas y la vida tradicional del barrio de El Charco<\/strong><\/em><\/p>\n<p>El Archivo General Insular acogi\u00f3 este jueves la presentaci\u00f3n del libro\u00a0<em>La gente de mi barrio<\/em>, de Gregorio Fulgencio, una publicaci\u00f3n de Patrimonio Cultural del Cabildo, desde el Servicio de Publicaciones.<\/p>\n<p>Gregorio Fulgencio, maestro de Educaci\u00f3n General B\u00e1sica, ha dedicado m\u00e1s de 35 a\u00f1os a la ense\u00f1anza, siendo reconocido por su labor docente y por su etapa como director del CEIP San Jos\u00e9 de Calasanz, en Puerto del Rosario, hasta su jubilaci\u00f3n en 2016.<\/p>\n<p>Con esta publicaci\u00f3n, Fulgencio rinde un emotivo homenaje a sus familiares, vecinos, vecinas y a la vida cotidiana del barrio de El Charco (Puerto del Rosario). El libro recoge versos y fotograf\u00edas, invitando al lector a recorrer recuerdos, costumbres y personajes que marcaron una \u00e9poca y conforman la identidad del barrio.<\/p>\n<p>Durante la presentaci\u00f3n del libro, el consejero de Patrimonio Cultural, Rayco Le\u00f3n, resalt\u00f3 \u201cla gran respuesta que ha tenido la presentaci\u00f3n de este libro por parte del barrio de El Charco y la isla de Fuerteventura\u201d. Una publicaci\u00f3n que se incorpora a la colecci\u00f3n\u00a0<em>Letras de la Isla<\/em>, impulsada para impulsar y dar visibilidad a la producci\u00f3n literaria local.<\/p>\n<p>El alcalde de Puerto del Rosario, David de Vera, agradeci\u00f3 al Cabildo y a su Servicio de Publicaciones \u201cpor poner en valor la esencia de aquellas personas que luchan por el lugar donde han desarrollado su proyecto de vida\u201d.<\/p>\n<p>El historiador Marcial Morera dio paso al autor del libro. Nacido en el antiguo Puerto Cabras, Gregorio Fulgencio altern\u00f3 sus primeros trabajos como docente con empleos administrativos en la f\u00e1brica de conservas INPESCASA y su paso por el servicio militar en el Sahara. Su trayectoria profesional se desarroll\u00f3 en los primeros a\u00f1os en distintos centros de Fuerteventura, donde imparti\u00f3 desde alfabetizaci\u00f3n de adultos hasta pedagog\u00eda terap\u00e9utica y primaria. En 1987 se incorpor\u00f3 al CEIP San Jos\u00e9 de Calasanz, centro en el que ejerci\u00f3 como docente de pedagog\u00eda terap\u00e9utica en los primeros a\u00f1os, posteriormente como maestro de primaria con la especialidad de matem\u00e1ticas y ciencias naturales, y finalmente como director de este centro durante los diez \u00faltimos a\u00f1os, hasta su jubilaci\u00f3n en 2016. Una dedicaci\u00f3n al servicio educativo de m\u00e1s de treinta y cinco a\u00f1os.<\/p>\n<p>En el libro, Fulgencio presenta, por un lado, un retrato de personas del pueblo que, con esfuerzo y sacrificio, levantaron sus vidas. Por otro lado, Gregorio traza una breve historia del barrio de El Charco: sus or\u00edgenes, las familias que lo fundaron, las profesiones tradicionales de sus habitantes, las costumbres compartidas, las festividades religiosas y las relaciones vecinales que lo convirtieron en una gran familia.<\/p>\n<p>En definitiva,\u00a0<em>La gente de mi barrio<\/em>\u00a0es una obra de memorias, un homenaje a la familia del autor y al barrio de El Charco, escrita desde un punto de vista subjetivo, emotivo y sencillo por Gregorio Fulgencio.<\/p>\n<\/div>\n","protected":false},"excerpt":{"rendered":"<p>5 diciembre, 2025 El Servicio de Publicaciones de la Corporaci\u00f3n insular edita esta obra en la que rinde un emotivo homenaje a su familia, vecinos, vecinas y la vida tradicional [&hellip;]<\/p>\n","protected":false},"author":1,"featured_media":15096,"comment_status":"open","ping_status":"open","sticky":false,"template":"","format":"standard","meta":{"inline_featured_image":false,"jnews-multi-image_gallery":[],"jnews_single_post":[],"jnews_primary_category":[],"jnews_social_meta":[],"jnews_override_counter":[],"jnews_post_split":[],"footnotes":""},"categories":[58],"tags":[73,82],"class_list":["post-15094","post","type-post","status-publish","format-standard","has-post-thumbnail","hentry","category-cabildo","tag-educacion","tag-fuerteventura"],"jetpack_featured_media_url":"https:\/\/informacionlocal.es\/wp-content\/uploads\/2025\/12\/efef-1.jpeg","_links":{"self":[{"href":"https:\/\/informacionlocal.es\/de\/wp-json\/wp\/v2\/posts\/15094","targetHints":{"allow":["GET"]}}],"collection":[{"href":"https:\/\/informacionlocal.es\/de\/wp-json\/wp\/v2\/posts"}],"about":[{"href":"https:\/\/informacionlocal.es\/de\/wp-json\/wp\/v2\/types\/post"}],"author":[{"embeddable":true,"href":"https:\/\/informacionlocal.es\/de\/wp-json\/wp\/v2\/users\/1"}],"replies":[{"embeddable":true,"href":"https:\/\/informacionlocal.es\/de\/wp-json\/wp\/v2\/comments?post=15094"}],"version-history":[{"count":0,"href":"https:\/\/informacionlocal.es\/de\/wp-json\/wp\/v2\/posts\/15094\/revisions"}],"wp:featuredmedia":[{"embeddable":true,"href":"https:\/\/informacionlocal.es\/de\/wp-json\/wp\/v2\/media\/15096"}],"wp:attachment":[{"href":"https:\/\/informacionlocal.es\/de\/wp-json\/wp\/v2\/media?parent=15094"}],"wp:term":[{"taxonomy":"category","embeddable":true,"href":"https:\/\/informacionlocal.es\/de\/wp-json\/wp\/v2\/categories?post=15094"},{"taxonomy":"post_tag","embeddable":true,"href":"https:\/\/informacionlocal.es\/de\/wp-json\/wp\/v2\/tags?post=15094"}],"curies":[{"name":"wp","href":"https:\/\/api.w.org\/{rel}","templated":true}]}}