{"id":15052,"date":"2025-12-05T12:58:37","date_gmt":"2025-12-05T12:58:37","guid":{"rendered":"https:\/\/informacionlocal.es\/el-cabildo-inicia-la-obra-de-la-residencia-sociosanitaria-de-gran-tarajal\/"},"modified":"2025-12-05T12:58:37","modified_gmt":"2025-12-05T12:58:37","slug":"el-cabildo-inicia-la-obra-de-la-residencia-sociosanitaria-de-gran-tarajal","status":"publish","type":"post","link":"https:\/\/informacionlocal.es\/de\/el-cabildo-inicia-la-obra-de-la-residencia-sociosanitaria-de-gran-tarajal\/","title":{"rendered":"El Cabildo inicia la obra de la Residencia Sociosanitaria de Gran Tarajal"},"content":{"rendered":"<div class=\"entry-content\"><strong>5 diciembre, 2025<\/strong><\/p>\n<p>El Cabildo de Fuerteventura ha iniciado la<br \/>\nobra de la Residencia Sociosanitaria de Gran Tarajal, un recurso que permitir\u00e1<br \/>\naumentar en 90 las plazas sociosanitarias que necesita la Isla. La presidenta<br \/>\ninsular, Lola Garc\u00eda, se\u00f1ala que \u201cya son una realidad los trabajos de<br \/>\nconstrucci\u00f3n para tener un recurso sociosanitario tan esperando por personas<br \/>\ndependientes y familiares, cumpliendo con una de las grandes prioridades de<br \/>\neste Cabildo\u201d, apunta la presidenta insular, Lola Garc\u00eda.<\/p>\n<p>La presidenta ha destacado el trabajo<br \/>\ncoordinado entre los departamentos de Acci\u00f3n Social, Contrataci\u00f3n e<br \/>\nInfraestructuras del Cabildo, as\u00ed como la coordinaci\u00f3n con el Ayuntamiento de<br \/>\nTuineje, para poder hacer realidad este recurso sociosanitario. Al mismo<br \/>\ntiempo, \u201ctrabajamos para licitar otros recursos en el resto de municipios, como<br \/>\nun Centro de D\u00eda en Costa Calma y en la zona de Antigua-Betancuria, en<br \/>\ncoordinaci\u00f3n con los ayuntamientos\u201d.<\/p>\n<p>El consejero de Acci\u00f3n Social, V\u00edctor Alonso,<br \/>\napunta que \u201cestas obras permitir\u00e1n tener una infraestructura sociosanitaria de<br \/>\nprimer orden en Gran Tarajal de cara a prestar una atenci\u00f3n de calidad acordes<br \/>\na las necesidades de los mayores dependientes de nuestra Isla\u201d.<\/p>\n<p>Por su parte, la alcaldesa de Tuineje,<br \/>\nCandelaria Umpi\u00e9rrez, resalta la importancia de contar con un recurso para que<br \/>\nnuestros mayores tengan los servicios especializados que necesitan para<br \/>\nfomentar su autonom\u00eda y bienestar integral.<\/p>\n<p>La redacci\u00f3n de proyecto, obra y equipamiento<br \/>\nde la Residencia Sociosanitaria y Centro de Atenci\u00f3n Diurna para mayores en situaci\u00f3n<br \/>\nde dependencia fue adjudicada por 14,3 millones de euros a la UTE Ecolog\u00eda y<br \/>\nConstrucci\u00f3n Fesumar S.L-Jos\u00e9 D\u00edaz Garc\u00eda S.A. <\/p>\n<p>La actuaci\u00f3n es cofinanciada <a>por el Cabildo, as\u00ed como Gobierno de Canarias y los fondos<br \/>\ndel Mecanismo de Recuperaci\u00f3n y Resiliencia (MRR) de la Uni\u00f3n Europea.<\/a><\/p>\n<p>La futura residencia se construye en una<br \/>\nparcela de 4.701 metros cuadrados en el Valle del Aceit\u00fan, gracias a las<br \/>\nactuaciones para desbloquear el suelo por parte el Cabildo y la coordinaci\u00f3n<br \/>\ncon el Ayuntamiento de Tuineje. Este recurso albergar\u00e1 dos centros que<br \/>\nofrecer\u00e1n una atenci\u00f3n personalizada: La Residencia Sociosanitaria con<br \/>\ncapacidad para 60 plazas, que prestar\u00e1 atenci\u00f3n residencial los 365 d\u00edas al<br \/>\na\u00f1o, durante las 24 horas al d\u00eda, as\u00ed como un Centro de Atenci\u00f3n Diurna para<br \/>\npersonas mayores en situaci\u00f3n de dependencia con 30 plazas.<\/p>\n<p>Se ofrecer\u00e1 atenci\u00f3n individualizada, combinadas<br \/>\nactuaciones familiares y\/o grupales. La residencia contar\u00e1 con servicio de<br \/>\nestancia, manutenci\u00f3n y atenci\u00f3n permanente, servicio de atenci\u00f3n<br \/>\nm\u00e9dico-sanitaria, servicio de promoci\u00f3n de la autonom\u00eda personal con<br \/>\nasesoramiento, orientaci\u00f3n y terapia ocupacional, servicio de atenci\u00f3n<br \/>\npsicol\u00f3gica y programa de respiro familiar y ocio y tiempo libre, entre muchos<br \/>\notros.<\/p>\n<\/div>\n","protected":false},"excerpt":{"rendered":"<p>5 diciembre, 2025 El Cabildo de Fuerteventura ha iniciado la obra de la Residencia Sociosanitaria de Gran Tarajal, un recurso que permitir\u00e1 aumentar en 90 las plazas sociosanitarias que necesita [&hellip;]<\/p>\n","protected":false},"author":1,"featured_media":15054,"comment_status":"open","ping_status":"open","sticky":false,"template":"","format":"standard","meta":{"inline_featured_image":false,"jnews-multi-image_gallery":[],"jnews_single_post":[],"jnews_primary_category":[],"jnews_social_meta":[],"jnews_override_counter":[],"jnews_post_split":[],"footnotes":""},"categories":[58],"tags":[82,65,71],"class_list":["post-15052","post","type-post","status-publish","format-standard","has-post-thumbnail","hentry","category-cabildo","tag-fuerteventura","tag-municipios","tag-residencia"],"jetpack_featured_media_url":"https:\/\/informacionlocal.es\/wp-content\/uploads\/2025\/12\/efef-2.jpeg","_links":{"self":[{"href":"https:\/\/informacionlocal.es\/de\/wp-json\/wp\/v2\/posts\/15052","targetHints":{"allow":["GET"]}}],"collection":[{"href":"https:\/\/informacionlocal.es\/de\/wp-json\/wp\/v2\/posts"}],"about":[{"href":"https:\/\/informacionlocal.es\/de\/wp-json\/wp\/v2\/types\/post"}],"author":[{"embeddable":true,"href":"https:\/\/informacionlocal.es\/de\/wp-json\/wp\/v2\/users\/1"}],"replies":[{"embeddable":true,"href":"https:\/\/informacionlocal.es\/de\/wp-json\/wp\/v2\/comments?post=15052"}],"version-history":[{"count":0,"href":"https:\/\/informacionlocal.es\/de\/wp-json\/wp\/v2\/posts\/15052\/revisions"}],"wp:featuredmedia":[{"embeddable":true,"href":"https:\/\/informacionlocal.es\/de\/wp-json\/wp\/v2\/media\/15054"}],"wp:attachment":[{"href":"https:\/\/informacionlocal.es\/de\/wp-json\/wp\/v2\/media?parent=15052"}],"wp:term":[{"taxonomy":"category","embeddable":true,"href":"https:\/\/informacionlocal.es\/de\/wp-json\/wp\/v2\/categories?post=15052"},{"taxonomy":"post_tag","embeddable":true,"href":"https:\/\/informacionlocal.es\/de\/wp-json\/wp\/v2\/tags?post=15052"}],"curies":[{"name":"wp","href":"https:\/\/api.w.org\/{rel}","templated":true}]}}