{"id":15012,"date":"2025-12-04T16:59:23","date_gmt":"2025-12-04T16:59:23","guid":{"rendered":"https:\/\/informacionlocal.es\/el-ayuntamiento-trabaja-con-los-vecinos-de-salinas-del-carmen-en-el-objetivo-de-mejorar-y-embellecer-el-pueblo\/"},"modified":"2025-12-04T16:59:23","modified_gmt":"2025-12-04T16:59:23","slug":"el-ayuntamiento-trabaja-con-los-vecinos-de-salinas-del-carmen-en-el-objetivo-de-mejorar-y-embellecer-el-pueblo","status":"publish","type":"post","link":"https:\/\/informacionlocal.es\/de\/el-ayuntamiento-trabaja-con-los-vecinos-de-salinas-del-carmen-en-el-objetivo-de-mejorar-y-embellecer-el-pueblo\/","title":{"rendered":"El Ayuntamiento trabaja con los vecinos de Salinas del Carmen en el objetivo de mejorar y embellecer el pueblo"},"content":{"rendered":"<div class=\"elementor-widget-container\">\n<p><strong>El Ayuntamiento trabaja con los vecinos de Salinas del Carmen en el objetivo de mejorar y embellecer el pueblo<\/strong><\/p>\n<p><strong>\u2022 El alcalde, Mat\u00edas Pe\u00f1a, junto con la concejala de Participaci\u00f3n Ciudadana, Sandra Torres, asiste a la reuni\u00f3n convocada por medio centenar de vecinos y vecinas de Salinas del Carmen, escuchando demandas y propuestas de mejora y desarrollo.<\/strong><\/p>\n<p><strong>\u2022 El alcalde propone a los vecinos y vecinas impulsar conjuntamente una ordenaci\u00f3n del suelo, con sus diferentes propietarios, que permita la inversi\u00f3n p\u00fablica en proyectos urban\u00edsticos de nuevos viales o espacios p\u00fablicos.<\/strong><\/p>\n<p>La limpieza de la playa, el control estacional de autocaravanas, el arreglo de las luminarias, la mejora en seguridad vial instalando espejos y pintando cedas de paso, paso de peatones, carteles de precauci\u00f3n, as\u00ed como el arreglo de baches en las calles, son actuaciones que realizaremos de forma inmediata, afirmaba el alcalde, Mat\u00edas Pe\u00f1a Garc\u00eda, durante el encuentro con los vecinos y vecinas de Salinas el Carmen.<\/p>\n<p>Felicito la iniciativa de esta reuni\u00f3n, la uni\u00f3n vecinal y les animo a que me llamen cuantas veces quieran, especialmente cuando vean actuaciones o incidencias que corresponden al Ayuntamiento de Antigua solventarlas o arreglarlas, y si es que corresponden a otras instituciones, no duden, les acompa\u00f1aremos en su demanda.<\/p>\n<p>El alcalde, acompa\u00f1ado de la concejala de Participaci\u00f3n Ciudadana, Sandra Torres, anunci\u00f3 a los vecinos facilitarles el asesoramiento t\u00e9cnico desde el Ayuntamiento de Antigua, iniciando entre unos y otros un proceso que requiere acuerdos, cesiones de suelos de particulares para abrir la posibilidad de inversiones en proyectos de desarrollo y mejoras necesarias y urgentes para todos en Salinas del Carmen.<\/p>\n<p>La iniciativa de los vecinos y vecinas de Salinas del Carmen es un ejemplo a seguir en todos los pueblos del Municipio, asoci\u00e1ndose, reuni\u00e9ndose e invitando a los responsables p\u00fablicos a conocer directamente cada propuesta y demanda com\u00fan, y a\u00f1ade Mat\u00edas Pe\u00f1a, en estas reuniones es en las que me gusta estar, directas, abiertas y cercanas, en las que prime el respeto y queden fuera los intereses pol\u00edticos. Reuniones, se\u00f1ala el regidor, con todas las discusiones que sean necesarias, avanzando en el inter\u00e9s general y creando lazos de uni\u00f3n y de trabajo. Aqu\u00ed, concluye el alcalde, Mat\u00edas Pe\u00f1a, el que no tenga palabra o compromiso, mejor se quede fuera.<\/p>\n<p>\u00a0<\/p>\n<\/div>\n","protected":false},"excerpt":{"rendered":"<p><strong>El Ayuntamiento trabaja con los vecinos de Salinas del Carmen en el objetivo de mejorar y embellecer el pueblo<\/strong><\/p>\n","protected":false},"author":1,"featured_media":15014,"comment_status":"open","ping_status":"open","sticky":false,"template":"","format":"standard","meta":{"inline_featured_image":false,"jnews-multi-image_gallery":[],"jnews_single_post":[],"jnews_primary_category":[],"jnews_social_meta":[],"jnews_override_counter":[],"jnews_post_split":[],"footnotes":""},"categories":[59],"tags":[326],"class_list":["post-15012","post","type-post","status-publish","format-standard","has-post-thumbnail","hentry","category-antigua","tag-participacion-ciudadana"],"jetpack_featured_media_url":"https:\/\/informacionlocal.es\/wp-content\/uploads\/2025\/12\/el-alcalde-se-reune-con-los-vecinos-de-salinas-del-carmen-2-scaled-1.jpg","_links":{"self":[{"href":"https:\/\/informacionlocal.es\/de\/wp-json\/wp\/v2\/posts\/15012","targetHints":{"allow":["GET"]}}],"collection":[{"href":"https:\/\/informacionlocal.es\/de\/wp-json\/wp\/v2\/posts"}],"about":[{"href":"https:\/\/informacionlocal.es\/de\/wp-json\/wp\/v2\/types\/post"}],"author":[{"embeddable":true,"href":"https:\/\/informacionlocal.es\/de\/wp-json\/wp\/v2\/users\/1"}],"replies":[{"embeddable":true,"href":"https:\/\/informacionlocal.es\/de\/wp-json\/wp\/v2\/comments?post=15012"}],"version-history":[{"count":0,"href":"https:\/\/informacionlocal.es\/de\/wp-json\/wp\/v2\/posts\/15012\/revisions"}],"wp:featuredmedia":[{"embeddable":true,"href":"https:\/\/informacionlocal.es\/de\/wp-json\/wp\/v2\/media\/15014"}],"wp:attachment":[{"href":"https:\/\/informacionlocal.es\/de\/wp-json\/wp\/v2\/media?parent=15012"}],"wp:term":[{"taxonomy":"category","embeddable":true,"href":"https:\/\/informacionlocal.es\/de\/wp-json\/wp\/v2\/categories?post=15012"},{"taxonomy":"post_tag","embeddable":true,"href":"https:\/\/informacionlocal.es\/de\/wp-json\/wp\/v2\/tags?post=15012"}],"curies":[{"name":"wp","href":"https:\/\/api.w.org\/{rel}","templated":true}]}}