{"id":14958,"date":"2025-12-03T17:58:40","date_gmt":"2025-12-03T17:58:40","guid":{"rendered":"https:\/\/informacionlocal.es\/decenas-de-escolares-participan-en-la-xii-carrera-solidaria-del-ies-jandia\/"},"modified":"2025-12-03T17:58:40","modified_gmt":"2025-12-03T17:58:40","slug":"decenas-de-escolares-participan-en-la-xii-carrera-solidaria-del-ies-jandia","status":"publish","type":"post","link":"https:\/\/informacionlocal.es\/de\/decenas-de-escolares-participan-en-la-xii-carrera-solidaria-del-ies-jandia\/","title":{"rendered":"Decenas de escolares participan en la XII Carrera Solidaria del IES Jand\u00eda"},"content":{"rendered":"<div class=\"entry-content\">\n<p>El dinero recaudado ir\u00e1 destinado a la ONG Save the Children, un<br \/>\norganismo, reconocido internacionalmente, que trabaja para garantizar<br \/>\nla infancia en los ni\u00f1os y las ni\u00f1as<\/p>\n<p>El Ayuntamiento de P\u00e1jara, a trav\u00e9s de la Concejal\u00eda de Deportes, organiz\u00f3 ayer jueves, 27 de noviembre, la XII Carrera Solidaria del IES Jand\u00eda, en donde decenas de escolares y adolescentes participaron para promover valores como la empat\u00eda, la igualdad de oportunidades y una vida saludable.<\/p>\n<p>Este nuevo encuentro se abri\u00f3, por primera vez, a las familias del alumnado<br \/>\ncon el objetivo de promover el trabajo conjunto de miembros de la comunidad.<br \/>\nEl Consistorio agradece la colaboraci\u00f3n del Consejo Escolar del IES Jandia, as\u00ed<br \/>\ncomo a su directora Noelia Suarez Santana.<\/p>\n<p>El concejal de Deportes, Jos\u00e9 Benito Alonso, se\u00f1al\u00f3 que \u201cse trata de una<br \/>\nbuena oportunidad para que la juventud de P\u00e1jara se comprometa a ayudar a<br \/>\notros j\u00f3venes, combinando el ejercicio con la capacidad de apoyar a otras<br \/>\npersonas\u201d.<\/p>\n<p>Por su parte, el alcalde, Alejandro Jorge, incidi\u00f3 en la necesidad de seguir<br \/>\nfomentando este tipo de iniciativas en el municipio para que \u201centre toda la<br \/>\npoblaci\u00f3n sigamos impulsando una educaci\u00f3n inclusiva e igualitaria para las<br \/>\ngeneraciones venideras\u201d.<\/p>\n<p>El dinero recaudado ir\u00e1 destinado a la ONG Save the Children, un organismo,<br \/>\nreconocido internacionalmente que trabaja para ayudar a los ni\u00f1os y a las ni\u00f1as desde el a\u00f1o 1919. En Canarias interviene en la acogida e integraci\u00f3n a la<br \/>\nsociedad de menores migrantes.<\/p>\n<\/div>\n","protected":false},"excerpt":{"rendered":"<p>El dinero recaudado ir\u00e1 destinado a la ONG Save the Children, un organismo, reconocido internacionalmente, que trabaja para garantizar la infancia en los ni\u00f1os y las ni\u00f1as El Ayuntamiento de [&hellip;]<\/p>\n","protected":false},"author":1,"featured_media":14960,"comment_status":"open","ping_status":"open","sticky":false,"template":"","format":"standard","meta":{"inline_featured_image":false,"jnews-multi-image_gallery":[],"jnews_single_post":[],"jnews_primary_category":[],"jnews_social_meta":[],"jnews_override_counter":[],"jnews_post_split":[],"footnotes":""},"categories":[63],"tags":[73,72],"class_list":["post-14958","post","type-post","status-publish","format-standard","has-post-thumbnail","hentry","category-pajara","tag-educacion","tag-integracion"],"jetpack_featured_media_url":"https:\/\/informacionlocal.es\/wp-content\/uploads\/2025\/12\/img-20251127-wa0058.jpg","_links":{"self":[{"href":"https:\/\/informacionlocal.es\/de\/wp-json\/wp\/v2\/posts\/14958","targetHints":{"allow":["GET"]}}],"collection":[{"href":"https:\/\/informacionlocal.es\/de\/wp-json\/wp\/v2\/posts"}],"about":[{"href":"https:\/\/informacionlocal.es\/de\/wp-json\/wp\/v2\/types\/post"}],"author":[{"embeddable":true,"href":"https:\/\/informacionlocal.es\/de\/wp-json\/wp\/v2\/users\/1"}],"replies":[{"embeddable":true,"href":"https:\/\/informacionlocal.es\/de\/wp-json\/wp\/v2\/comments?post=14958"}],"version-history":[{"count":0,"href":"https:\/\/informacionlocal.es\/de\/wp-json\/wp\/v2\/posts\/14958\/revisions"}],"wp:featuredmedia":[{"embeddable":true,"href":"https:\/\/informacionlocal.es\/de\/wp-json\/wp\/v2\/media\/14960"}],"wp:attachment":[{"href":"https:\/\/informacionlocal.es\/de\/wp-json\/wp\/v2\/media?parent=14958"}],"wp:term":[{"taxonomy":"category","embeddable":true,"href":"https:\/\/informacionlocal.es\/de\/wp-json\/wp\/v2\/categories?post=14958"},{"taxonomy":"post_tag","embeddable":true,"href":"https:\/\/informacionlocal.es\/de\/wp-json\/wp\/v2\/tags?post=14958"}],"curies":[{"name":"wp","href":"https:\/\/api.w.org\/{rel}","templated":true}]}}