{"id":14946,"date":"2025-12-03T15:58:40","date_gmt":"2025-12-03T15:58:40","guid":{"rendered":"https:\/\/informacionlocal.es\/gregorio-fulgencio-presenta-su-libro-la-gente-de-mi-barrio\/"},"modified":"2025-12-03T15:58:40","modified_gmt":"2025-12-03T15:58:40","slug":"gregorio-fulgencio-presenta-su-libro-la-gente-de-mi-barrio","status":"publish","type":"post","link":"https:\/\/informacionlocal.es\/de\/gregorio-fulgencio-presenta-su-libro-la-gente-de-mi-barrio\/","title":{"rendered":"Gregorio Fulgencio presenta su libro \u2018La gente de mi barrio\u2019"},"content":{"rendered":"<div class=\"entry-content\"><strong>3 diciembre, 2025<\/strong><\/p>\n<p><strong><em>La obra se presenta el 4 de diciembre, a las 19.30 horas, en el Archivo General Insular<\/em><\/strong><\/p>\n<p>El Archivo General Insular acoge, el 4 de diciembre a las 19.30 horas, la presentaci\u00f3n del libro\u00a0<em>La gente de mi barrio<\/em>, del autor majorero Gregorio Fulgencio. La publicaci\u00f3n ha sido editada por Patrimonio Cultural del Cabildo de Fuerteventura, desde su Servicio de Publicaciones, y se incorpora a la colecci\u00f3n \u201cLetras de la Isla\u201d, creada para impulsar y dar visibilidad a la producci\u00f3n literaria local.<\/p>\n<p>Gregorio Fulgencio, maestro de Educaci\u00f3n General B\u00e1sica, ha dedicado m\u00e1s de 35 a\u00f1os a la ense\u00f1anza, siendo reconocido por su labor docente y por su etapa como director del CEIP San Jos\u00e9 de Calasanz, en Puerto del Rosario, hasta su jubilaci\u00f3n en 2016.<\/p>\n<p>En\u00a0<em>La gente de mi barrio<\/em>, el autor rinde un homenaje emotivo a su familia, a sus vecinos y a su vida tradicional del barrio de El Charco, en el municipio de Puerto del Rosario. A trav\u00e9s de versos y fotograf\u00edas, invita al lector a recorrer sus recuerdos, rescatando oficios, costumbres y personajes que marcaron una \u00e9poca y que conforman la identidad efectiva de esta comunidad.<\/p>\n<p>La obra se presenta como una de las memorias entra\u00f1ables, llenas de sensibilidad y arraigo, que buscan preservar la historia \u00edntima y colectiva de un barrio que forma parte esencial de la memoria urbana de la capital majorera.<\/p>\n<p>La invitaci\u00f3n queda abierta a todas las personas interesadas en la literatura, la historia local y el valor de la memoria compartida.<\/p>\n<\/div>\n","protected":false},"excerpt":{"rendered":"<p>3 diciembre, 2025 La obra se presenta el 4 de diciembre, a las 19.30 horas, en el Archivo General Insular El Archivo General Insular acoge, el 4 de diciembre a [&hellip;]<\/p>\n","protected":false},"author":1,"featured_media":14948,"comment_status":"open","ping_status":"open","sticky":false,"template":"","format":"standard","meta":{"inline_featured_image":false,"jnews-multi-image_gallery":[],"jnews_single_post":[],"jnews_primary_category":[],"jnews_social_meta":[],"jnews_override_counter":[],"jnews_post_split":[],"footnotes":""},"categories":[58],"tags":[73,82],"class_list":["post-14946","post","type-post","status-publish","format-standard","has-post-thumbnail","hentry","category-cabildo","tag-educacion","tag-fuerteventura"],"jetpack_featured_media_url":"https:\/\/informacionlocal.es\/wp-content\/uploads\/2025\/12\/presentacic3b3n-la-gente-de-mi-barrio.jpeg","_links":{"self":[{"href":"https:\/\/informacionlocal.es\/de\/wp-json\/wp\/v2\/posts\/14946","targetHints":{"allow":["GET"]}}],"collection":[{"href":"https:\/\/informacionlocal.es\/de\/wp-json\/wp\/v2\/posts"}],"about":[{"href":"https:\/\/informacionlocal.es\/de\/wp-json\/wp\/v2\/types\/post"}],"author":[{"embeddable":true,"href":"https:\/\/informacionlocal.es\/de\/wp-json\/wp\/v2\/users\/1"}],"replies":[{"embeddable":true,"href":"https:\/\/informacionlocal.es\/de\/wp-json\/wp\/v2\/comments?post=14946"}],"version-history":[{"count":0,"href":"https:\/\/informacionlocal.es\/de\/wp-json\/wp\/v2\/posts\/14946\/revisions"}],"wp:featuredmedia":[{"embeddable":true,"href":"https:\/\/informacionlocal.es\/de\/wp-json\/wp\/v2\/media\/14948"}],"wp:attachment":[{"href":"https:\/\/informacionlocal.es\/de\/wp-json\/wp\/v2\/media?parent=14946"}],"wp:term":[{"taxonomy":"category","embeddable":true,"href":"https:\/\/informacionlocal.es\/de\/wp-json\/wp\/v2\/categories?post=14946"},{"taxonomy":"post_tag","embeddable":true,"href":"https:\/\/informacionlocal.es\/de\/wp-json\/wp\/v2\/tags?post=14946"}],"curies":[{"name":"wp","href":"https:\/\/api.w.org\/{rel}","templated":true}]}}