{"id":14874,"date":"2025-12-02T00:58:23","date_gmt":"2025-12-02T00:58:23","guid":{"rendered":"https:\/\/informacionlocal.es\/el-espectaculo-las-nanas-segun-lorca-llega-este-martes-a-puerto-del-rosario\/"},"modified":"2025-12-02T00:58:23","modified_gmt":"2025-12-02T00:58:23","slug":"el-espectaculo-las-nanas-segun-lorca-llega-este-martes-a-puerto-del-rosario","status":"publish","type":"post","link":"https:\/\/informacionlocal.es\/de\/el-espectaculo-las-nanas-segun-lorca-llega-este-martes-a-puerto-del-rosario\/","title":{"rendered":"El espect\u00e1culo \u2018Las nanas seg\u00fan Lorca\u2019 llega este martes a Puerto del Rosario"},"content":{"rendered":"<div class=\"entry-content\">\n<p>La compa\u00f1\u00eda madrile\u00f1a Ultramarinos de Lucas pone en escena, este martes, 02 de diciembre a las 20:00 h con entrada gratuita, el espect\u00e1culo \u2018Las nanas seg\u00fan Lorca\u2019 donde se recrea la conferencia de las canciones de cuna espa\u00f1olas impartida por Federico Garc\u00eda Lorca el 13 de diciembre de 1928 en la Residencia de Estudiantes de Madrid. La actividad se enmarca en la programaci\u00f3n de \u2018Saturnalia Cultura\u2019, que organiza el ayuntamiento, a trav\u00e9s de \u00a0la concejal\u00eda de Cultura.<\/p>\n<p>El <strong>alcalde, David de Vera,<\/strong> destaca \u201cla calidad de la programaci\u00f3n y de los ponentes que participan en estas actividades culturales, haciendo una invitaci\u00f3n a la participaci\u00f3n y\u00a0 disfrute de las mismas\u201d.<\/p>\n<p>El <strong>concejal de Cultura, Juan Manuel Verdugo,<\/strong> manifestaba que \u201ces un buen comienzo para Saturnalia, hacerlo con Federrico Garc\u00eda Lorca, un destacado poeta, dramaturgo y prosista de la Generaci\u00f3n del 27, pudiendo conocer parte sus obras que tanto \u00e9xito tienen\u201d.<\/p>\n<p>La Conferencia de las canciones de cuna espa\u00f1olas fue impartida por Federico Garc\u00eda Lorca el 13 de diciembre de 1928 en la Residencia de Estudiantes de Madrid. Se trata de un texto deslumbrante que mezcla el rigor intelectual e investigador de Garc\u00eda Lorca con su vena m\u00e1s l\u00edrica.<\/p>\n<p>El autor expone de una forma tan bella como escalofriante ese primer acercamiento del beb\u00e9 a la literatura y reivindica la impronta que graba en su coraz\u00f3n para siempre.<\/p>\n<p>Ultramarinos\u00a0de Lucas recrea esta Conferencia apasionada, para dar vida sobre el escenario a las palabras y las canciones de cuna que con tanto esmero recogi\u00f3 Federico.<\/p>\n<p>\u2018Saturnalia Cultura\u2019 acoge encuentros con autores, presentaciones de libros, talleres y recitales po\u00e9ticos.\u00a0 Juan Cruz, Jacobo Bergareche, Alicia Llarena, Juan Manuel de Prada, Beatriz Morales, adem\u00e1s de la presentaci\u00f3n de la biograf\u00eda de Pedro Zerolo escrita por Miquel Fern\u00e1ndez Garc\u00eda son los autores que visitar\u00e1n este mes de diciembre la Casa de la Cultura.<\/p>\n<\/div>\n","protected":false},"excerpt":{"rendered":"<p>La compa\u00f1\u00eda madrile\u00f1a Ultramarinos de Lucas pone en escena, este martes, 02 de diciembre a las 20:00 h con entrada gratuita, el espect\u00e1culo \u2018Las nanas seg\u00fan Lorca\u2019 donde se recrea [&hellip;]<\/p>\n","protected":false},"author":1,"featured_media":14876,"comment_status":"open","ping_status":"open","sticky":false,"template":"","format":"standard","meta":{"inline_featured_image":false,"jnews-multi-image_gallery":[],"jnews_single_post":[],"jnews_primary_category":[],"jnews_social_meta":[],"jnews_override_counter":[],"jnews_post_split":[],"footnotes":""},"categories":[61],"tags":[],"class_list":["post-14874","post","type-post","status-publish","format-standard","has-post-thumbnail","hentry","category-puerto-del-rosario"],"jetpack_featured_media_url":"https:\/\/informacionlocal.es\/wp-content\/uploads\/2025\/12\/saturnalia-las-nanas-segun-lorca.jpg","_links":{"self":[{"href":"https:\/\/informacionlocal.es\/de\/wp-json\/wp\/v2\/posts\/14874","targetHints":{"allow":["GET"]}}],"collection":[{"href":"https:\/\/informacionlocal.es\/de\/wp-json\/wp\/v2\/posts"}],"about":[{"href":"https:\/\/informacionlocal.es\/de\/wp-json\/wp\/v2\/types\/post"}],"author":[{"embeddable":true,"href":"https:\/\/informacionlocal.es\/de\/wp-json\/wp\/v2\/users\/1"}],"replies":[{"embeddable":true,"href":"https:\/\/informacionlocal.es\/de\/wp-json\/wp\/v2\/comments?post=14874"}],"version-history":[{"count":0,"href":"https:\/\/informacionlocal.es\/de\/wp-json\/wp\/v2\/posts\/14874\/revisions"}],"wp:featuredmedia":[{"embeddable":true,"href":"https:\/\/informacionlocal.es\/de\/wp-json\/wp\/v2\/media\/14876"}],"wp:attachment":[{"href":"https:\/\/informacionlocal.es\/de\/wp-json\/wp\/v2\/media?parent=14874"}],"wp:term":[{"taxonomy":"category","embeddable":true,"href":"https:\/\/informacionlocal.es\/de\/wp-json\/wp\/v2\/categories?post=14874"},{"taxonomy":"post_tag","embeddable":true,"href":"https:\/\/informacionlocal.es\/de\/wp-json\/wp\/v2\/tags?post=14874"}],"curies":[{"name":"wp","href":"https:\/\/api.w.org\/{rel}","templated":true}]}}