{"id":14850,"date":"2025-12-01T17:58:35","date_gmt":"2025-12-01T17:58:35","guid":{"rendered":"https:\/\/informacionlocal.es\/el-cabildo-se-suma-a-la-conmemoracion-del-dia-mundial-de-la-lucha-contra-el-vih-con-la-lectura-de-manifiesto-por-parte-de-altihay\/"},"modified":"2025-12-01T17:58:35","modified_gmt":"2025-12-01T17:58:35","slug":"el-cabildo-se-suma-a-la-conmemoracion-del-dia-mundial-de-la-lucha-contra-el-vih-con-la-lectura-de-manifiesto-por-parte-de-altihay","status":"publish","type":"post","link":"https:\/\/informacionlocal.es\/de\/el-cabildo-se-suma-a-la-conmemoracion-del-dia-mundial-de-la-lucha-contra-el-vih-con-la-lectura-de-manifiesto-por-parte-de-altihay\/","title":{"rendered":"El Cabildo se suma a la conmemoraci\u00f3n del D\u00eda Mundial de la Lucha contra el VIH con la lectura de manifiesto por parte de ALTIHAY"},"content":{"rendered":"<div class=\"entry-content\"><strong>1 diciembre, 2025<\/strong><\/p>\n<p><em><strong>El pr\u00f3ximo viernes, 5 de diciembre, se proyecta el documental \u2018Estigma\u2019 en el Auditorio Insular<\/strong><\/em><\/p>\n<p>El Cabildo de Fuerteventura, a trav\u00e9s del Servicio de Informaci\u00f3n y Prevenci\u00f3n de Adicciones perteneciente a la Consejer\u00eda de Acci\u00f3n Social, y ALTIHAY Fuerteventura conmemoran el D\u00eda Mundial contra el VIH con una programaci\u00f3n de actividades de sensibilizaci\u00f3n.<\/p>\n<p>En el d\u00eda de hoy, ha tenido lugar la lectura de manifiesto por parte de ALTIHAY Fuerteventura en la entrada principal del Cabildo, con la presencia del consejero de Acci\u00f3n Social, V\u00edctor Alonso, la concejala de Salud P\u00fablica, Rosa Rodr\u00edguez, la concejala de Diversidad y LGTBI, Tacoremi Guti\u00e9rrez, de Puerto del Rosario, el director del \u00e1rea de Salud, Tom\u00e1s P\u00e9rez, as\u00ed como la directora insular de la Administraci\u00f3n General del Estado Mar\u00eda Jes\u00fas de la Cruz, la senadora Paloma Hern\u00e1ndez, y otros representantes insulares, representantes municipales de Antigua y Puerto de Rosario, \u00a0y miembros de ALTIHAY.<\/p>\n<p>El consejero de Acci\u00f3n Social, V\u00edctor Alonso, felicit\u00f3 a ALTIHAY \u201ccomo referente en Fuerteventura gracias a esta gran labor, como impulsores de este tipo de acciones reivindicativas. Prueba de ello es que hoy participamos todas las administraciones, dentro del objetivo de seguir avanzando en este \u00e1mbito\u201d.<\/p>\n<p>ALTIHAY Fuerteventura ha defendido que, en el D\u00eda Mundial de la Lucha contra el VIH (1 de diciembre), es importante reforzar el compromiso con la prevenci\u00f3n, la informaci\u00f3n y la eliminaci\u00f3n del estigma que a\u00fan afecta a tantas personas.<\/p>\n<p>El manifiesto fue le\u00eddo por la presidenta de ALTIHAY, Carla Soto, la t\u00e9cnica de salud de la asociaci\u00f3n Irene Cabrera, y Le\u00f3n Mart\u00edn como coordinador de Salud y presidente de honor. Este es un d\u00eda que invita a mirar m\u00e1s all\u00e1 de las cifras para centrarse en las personas y la importancia del acompa\u00f1amiento, el cuidado y la detecci\u00f3n precoz. \u201cAnte el estigma, la respuesta es la prevenci\u00f3n, la informaci\u00f3n y el cuidado\u201d.<\/p>\n<p>\u201cEse estigma es una de las mayores barreras para la prevenci\u00f3n. Exigimos estigma cero, formaci\u00f3n obligatoria en servicios sanitarios y entornos laborales y sociales seguros\u201d.<\/p>\n<p>Durante la ma\u00f1ana, ALTIHAY Fuerteventura ha estado, adem\u00e1s, presente con un stand informativo en calle Primero de Mayo de Puerto del Rosario, en colaboraci\u00f3n con la Concejal\u00eda de Salud P\u00fablica del Ayuntamiento de Puerto del Rosario.<\/p>\n<p>En la tarde de hoy, se iluminar\u00e1n las fachadas del Cabildo de Fuerteventura y Ayuntamiento de Puerto del Rosario. Como parte de la programaci\u00f3n, ALTIHAY Fuerteventura invita, asimismo, a la poblaci\u00f3n a la proyecci\u00f3n del documental\u00a0<em>Estigma<\/em>, producido y dirigido por Pilar Garc\u00eda, una obra que recoge testimonios reales sobre el VIH y que pretende dar voz a quienes conviven con esta realidad. La proyecci\u00f3n tendr\u00e1 lugar el 5 de diciembre, a las 19.30 horas, en el Auditorio Insular de Fuerteventura (Puerto del Rosario). Tras la misma, se celebrar\u00e1 una mesa redonda con la participaci\u00f3n de Bel\u00e9n Lamuedra, Le\u00f3n Mart\u00edn Bethencourt, Irene Cabrera y Pedro Esquivel, quienes ofrecer\u00e1n una reflexi\u00f3n conjunta sobre el impacto del estigma, la importancia de la informaci\u00f3n y el papel esencial del apoyo comunitario.<\/p>\n<\/div>\n","protected":false},"excerpt":{"rendered":"<p>1 diciembre, 2025 El pr\u00f3ximo viernes, 5 de diciembre, se proyecta el documental \u2018Estigma\u2019 en el Auditorio Insular El Cabildo de Fuerteventura, a trav\u00e9s del Servicio de Informaci\u00f3n y Prevenci\u00f3n [&hellip;]<\/p>\n","protected":false},"author":1,"featured_media":14852,"comment_status":"open","ping_status":"open","sticky":false,"template":"","format":"standard","meta":{"inline_featured_image":false,"jnews-multi-image_gallery":[],"jnews_single_post":[],"jnews_primary_category":[],"jnews_social_meta":[],"jnews_override_counter":[],"jnews_post_split":[],"footnotes":""},"categories":[58],"tags":[82],"class_list":["post-14850","post","type-post","status-publish","format-standard","has-post-thumbnail","hentry","category-cabildo","tag-fuerteventura"],"jetpack_featured_media_url":"https:\/\/informacionlocal.es\/wp-content\/uploads\/2025\/12\/20251201-manifiesto-vih_20251201_manifiesto_vih-11-scaled.jpg","_links":{"self":[{"href":"https:\/\/informacionlocal.es\/de\/wp-json\/wp\/v2\/posts\/14850","targetHints":{"allow":["GET"]}}],"collection":[{"href":"https:\/\/informacionlocal.es\/de\/wp-json\/wp\/v2\/posts"}],"about":[{"href":"https:\/\/informacionlocal.es\/de\/wp-json\/wp\/v2\/types\/post"}],"author":[{"embeddable":true,"href":"https:\/\/informacionlocal.es\/de\/wp-json\/wp\/v2\/users\/1"}],"replies":[{"embeddable":true,"href":"https:\/\/informacionlocal.es\/de\/wp-json\/wp\/v2\/comments?post=14850"}],"version-history":[{"count":0,"href":"https:\/\/informacionlocal.es\/de\/wp-json\/wp\/v2\/posts\/14850\/revisions"}],"wp:featuredmedia":[{"embeddable":true,"href":"https:\/\/informacionlocal.es\/de\/wp-json\/wp\/v2\/media\/14852"}],"wp:attachment":[{"href":"https:\/\/informacionlocal.es\/de\/wp-json\/wp\/v2\/media?parent=14850"}],"wp:term":[{"taxonomy":"category","embeddable":true,"href":"https:\/\/informacionlocal.es\/de\/wp-json\/wp\/v2\/categories?post=14850"},{"taxonomy":"post_tag","embeddable":true,"href":"https:\/\/informacionlocal.es\/de\/wp-json\/wp\/v2\/tags?post=14850"}],"curies":[{"name":"wp","href":"https:\/\/api.w.org\/{rel}","templated":true}]}}