{"id":14844,"date":"2025-12-01T16:58:32","date_gmt":"2025-12-01T16:58:32","guid":{"rendered":"https:\/\/informacionlocal.es\/puerto-del-rosario-inicia-nuevas-mejoras-de-aceras-en-varias-zonas-del-municipio\/"},"modified":"2025-12-01T16:58:32","modified_gmt":"2025-12-01T16:58:32","slug":"puerto-del-rosario-inicia-nuevas-mejoras-de-aceras-en-varias-zonas-del-municipio","status":"publish","type":"post","link":"https:\/\/informacionlocal.es\/de\/puerto-del-rosario-inicia-nuevas-mejoras-de-aceras-en-varias-zonas-del-municipio\/","title":{"rendered":"Puerto del Rosario inicia nuevas mejoras de aceras en varias zonas del municipio"},"content":{"rendered":"<div class=\"entry-content\">\n<p>El ayuntamiento de Puerto del Rosario, a trav\u00e9s de la Concejal\u00eda de Movilidad y Accesibilidad, informa del inicio de un nuevo paquete de obras para la renovaci\u00f3n y mejora de aceras dentro del plan municipal \u201cUn Puerto inclusivo\u201d. Estas actuaciones responden a peticiones vecinales y se desarrollan en puntos donde la necesidad es m\u00e1s urgente.<\/p>\n<p>Calles donde se realizar\u00e1n las actuaciones:<\/p>\n<p>Barrio El Matorral. Calle Bernegal (entorno del colegio)<\/p>\n<p>Barrio Fabelo. Calle La Gavia<\/p>\n<p>Avda. Juan de Bethencourt (entre Herbania y Gomera)<\/p>\n<p>Juan de Bethencourt, sentido descendente<\/p>\n<p>Pasos de peatones frente a La Molina La Charca<\/p>\n<p>Juan de Bethencourt entre calle Gomera e Isla Graciosa<\/p>\n<p>Urbanizaci\u00f3n Los Rosales. Calle Juan Afonso<\/p>\n<p>Urbanizaci\u00f3n La Hondura. Calle Garuga<\/p>\n<p>Playa Blanca. Calles: Tajinaste, Chirate, Tedera, Moralillo.<\/p>\n<p>Calles Las Granadas, Doctor Chil y Naranjo, Doctor Guillermo S\u00e1nchez Vel\u00e1zquez y esquina Doctora Marie Curie.<\/p>\n<p>El <strong>alcalde, David de Vera,<\/strong> destac\u00f3 que \u201cestas obras refuerzan el compromiso municipal con una ciudad m\u00e1s segura, accesible y c\u00f3moda\u201d.<\/p>\n<p>La <strong>concejala de Movilidad y Accesibilidad, Antonia Fern\u00e1ndez Arag\u00f3n,<\/strong> subray\u00f3 que \u201cse han priorizado las zonas con mayor precariedad y m\u00e1s solicitudes vecinales, y que estas actuaciones continuar\u00e1n en otros barrios\u201d.<\/p>\n<p>El Ayuntamiento agradece la comprensi\u00f3n y colaboraci\u00f3n ciudadana, y pide disculpas por las posibles molestias durante los trabajos que se llevan a cabo que, sin duda, benefician al municipio.<\/p>\n<\/div>\n","protected":false},"excerpt":{"rendered":"<p>El ayuntamiento de Puerto del Rosario, a trav\u00e9s de la Concejal\u00eda de Movilidad y Accesibilidad, informa del inicio de un nuevo paquete de obras para la renovaci\u00f3n y mejora de [&hellip;]<\/p>\n","protected":false},"author":1,"featured_media":14846,"comment_status":"open","ping_status":"open","sticky":false,"template":"","format":"standard","meta":{"inline_featured_image":false,"jnews-multi-image_gallery":[],"jnews_single_post":[],"jnews_primary_category":[],"jnews_social_meta":[],"jnews_override_counter":[],"jnews_post_split":[],"footnotes":""},"categories":[61],"tags":[],"class_list":["post-14844","post","type-post","status-publish","format-standard","has-post-thumbnail","hentry","category-puerto-del-rosario"],"jetpack_featured_media_url":"https:\/\/informacionlocal.es\/wp-content\/uploads\/2025\/12\/callejero-t-4-puerto-25.jpg","_links":{"self":[{"href":"https:\/\/informacionlocal.es\/de\/wp-json\/wp\/v2\/posts\/14844","targetHints":{"allow":["GET"]}}],"collection":[{"href":"https:\/\/informacionlocal.es\/de\/wp-json\/wp\/v2\/posts"}],"about":[{"href":"https:\/\/informacionlocal.es\/de\/wp-json\/wp\/v2\/types\/post"}],"author":[{"embeddable":true,"href":"https:\/\/informacionlocal.es\/de\/wp-json\/wp\/v2\/users\/1"}],"replies":[{"embeddable":true,"href":"https:\/\/informacionlocal.es\/de\/wp-json\/wp\/v2\/comments?post=14844"}],"version-history":[{"count":0,"href":"https:\/\/informacionlocal.es\/de\/wp-json\/wp\/v2\/posts\/14844\/revisions"}],"wp:featuredmedia":[{"embeddable":true,"href":"https:\/\/informacionlocal.es\/de\/wp-json\/wp\/v2\/media\/14846"}],"wp:attachment":[{"href":"https:\/\/informacionlocal.es\/de\/wp-json\/wp\/v2\/media?parent=14844"}],"wp:term":[{"taxonomy":"category","embeddable":true,"href":"https:\/\/informacionlocal.es\/de\/wp-json\/wp\/v2\/categories?post=14844"},{"taxonomy":"post_tag","embeddable":true,"href":"https:\/\/informacionlocal.es\/de\/wp-json\/wp\/v2\/tags?post=14844"}],"curies":[{"name":"wp","href":"https:\/\/api.w.org\/{rel}","templated":true}]}}