{"id":14838,"date":"2025-12-01T15:58:54","date_gmt":"2025-12-01T15:58:54","guid":{"rendered":"https:\/\/informacionlocal.es\/el-ayuntamiento-activa-un-programa-para-fortalecer-la-eficacia-de-la-oficina-tecnica\/"},"modified":"2025-12-01T15:58:54","modified_gmt":"2025-12-01T15:58:54","slug":"el-ayuntamiento-activa-un-programa-para-fortalecer-la-eficacia-de-la-oficina-tecnica","status":"publish","type":"post","link":"https:\/\/informacionlocal.es\/de\/el-ayuntamiento-activa-un-programa-para-fortalecer-la-eficacia-de-la-oficina-tecnica\/","title":{"rendered":"El Ayuntamiento activa un programa para fortalecer la eficacia de la Oficina T\u00e9cnica"},"content":{"rendered":"<div class=\"entry-content\">\n<p><b>\u00a0<\/b><b><i>El objetivo de esta iniciativa es impulsar el crecimiento del municipio mediante equipos capacitados para gestionar procesos cada vez m\u00e1s complejos y multidisciplinares de manera eficaz<\/i><\/b><\/p>\n<p><span>El Ayuntamiento de P\u00e1jara, a trav\u00e9s de la Concejal\u00eda de Urbanismo y Planeamiento, ha puesto en marcha un programa estrat\u00e9gico de mejora organizativa dise\u00f1ado para fortalecer las capacidades de la Oficina T\u00e9cnica municipal y anticiparse a las nuevas demandas del municipio en proyectos y planificaci\u00f3n.<\/span><\/p>\n<p><span>La actuaci\u00f3n, dirigida a los 20 profesionales del \u00e1rea, utiliza la metodolog\u00eda Belbin\u00ae Roles de Equipo, una herramienta que permite mejorar las din\u00e1micas de trabajo, aprovechar las capacidades del personal t\u00e9cnico y coordinar de manera m\u00e1s efectiva los distintos perfiles.<\/span><\/p>\n<p><span>El concejal de Urbanismo y primer teniente de alcalde, Alexis Alonso, destac\u00f3 que el programa forma parte de una l\u00ednea de mejora continua que impulsa su departamento. \u201cLa Oficina T\u00e9cnica ya viene desarrollando un trabajo esencial para el avance del municipio. Con este programa reforzamos esa base, incorporando herramientas que nos permiten seguir mejorando, adaptarnos a nuevos retos y trabajar con una organizaci\u00f3n cada vez m\u00e1s moderna y eficaz\u201d.<\/span><\/p>\n<p><span>Alonso adem\u00e1s a\u00f1adi\u00f3 que \u201capostar por la actualizaci\u00f3n y el desarrollo del personal t\u00e9cnico es una garant\u00eda para que el Ayuntamiento pueda responder con solvencia a los proyectos presentes y futuros\u201d.<\/span><\/p>\n<p><span>Por su parte, el alcalde Alejandro Jorge, valora positivamente este tipo de acciones que redundan no solo en el personal de la Oficina T\u00e9cnica, sino por extensi\u00f3n ayuda a desarrollar el trabajo del resto del personal municipal y se contribuye a mejorar este servicio de cara a la ciudadan\u00eda.\u00a0<\/span><\/p>\n<p><span>En su conjunto, el programa representa un avance en la gesti\u00f3n municipal, desarrollando capacidades en planificaci\u00f3n, coordinaci\u00f3n de proyectos y organizaci\u00f3n interna, y sentando las bases para una respuesta m\u00e1s \u00e1gil y estructurada de las necesidades del municipio.<\/span><\/p>\n<\/div>\n","protected":false},"excerpt":{"rendered":"<p><i>El objetivo de esta iniciativa es impulsar el crecimiento del municipio mediante equipos capacitados para gestionar procesos cada vez m\u00e1s complejos y multidisciplinares de manera eficaz<\/i><\/p>\n","protected":false},"author":1,"featured_media":14840,"comment_status":"open","ping_status":"open","sticky":false,"template":"","format":"standard","meta":{"inline_featured_image":false,"jnews-multi-image_gallery":[],"jnews_single_post":[],"jnews_primary_category":[],"jnews_social_meta":[],"jnews_override_counter":[],"jnews_post_split":[],"footnotes":""},"categories":[63],"tags":[],"class_list":["post-14838","post","type-post","status-publish","format-standard","has-post-thumbnail","hentry","category-pajara"],"jetpack_featured_media_url":"https:\/\/informacionlocal.es\/wp-content\/uploads\/2025\/12\/imagen-de-whatsapp-2025-12-01-a-las-13-08-06_3b81f2a1.jpg","_links":{"self":[{"href":"https:\/\/informacionlocal.es\/de\/wp-json\/wp\/v2\/posts\/14838","targetHints":{"allow":["GET"]}}],"collection":[{"href":"https:\/\/informacionlocal.es\/de\/wp-json\/wp\/v2\/posts"}],"about":[{"href":"https:\/\/informacionlocal.es\/de\/wp-json\/wp\/v2\/types\/post"}],"author":[{"embeddable":true,"href":"https:\/\/informacionlocal.es\/de\/wp-json\/wp\/v2\/users\/1"}],"replies":[{"embeddable":true,"href":"https:\/\/informacionlocal.es\/de\/wp-json\/wp\/v2\/comments?post=14838"}],"version-history":[{"count":0,"href":"https:\/\/informacionlocal.es\/de\/wp-json\/wp\/v2\/posts\/14838\/revisions"}],"wp:featuredmedia":[{"embeddable":true,"href":"https:\/\/informacionlocal.es\/de\/wp-json\/wp\/v2\/media\/14840"}],"wp:attachment":[{"href":"https:\/\/informacionlocal.es\/de\/wp-json\/wp\/v2\/media?parent=14838"}],"wp:term":[{"taxonomy":"category","embeddable":true,"href":"https:\/\/informacionlocal.es\/de\/wp-json\/wp\/v2\/categories?post=14838"},{"taxonomy":"post_tag","embeddable":true,"href":"https:\/\/informacionlocal.es\/de\/wp-json\/wp\/v2\/tags?post=14838"}],"curies":[{"name":"wp","href":"https:\/\/api.w.org\/{rel}","templated":true}]}}