{"id":14826,"date":"2025-12-01T11:58:42","date_gmt":"2025-12-01T11:58:42","guid":{"rendered":"https:\/\/informacionlocal.es\/el-cabildo-conmemora-el-dia-internacional-de-las-personas-con-discapacidad-con-una-jornada-de-sensibilizacion-e-inclusion\/"},"modified":"2025-12-01T11:58:42","modified_gmt":"2025-12-01T11:58:42","slug":"el-cabildo-conmemora-el-dia-internacional-de-las-personas-con-discapacidad-con-una-jornada-de-sensibilizacion-e-inclusion","status":"publish","type":"post","link":"https:\/\/informacionlocal.es\/de\/el-cabildo-conmemora-el-dia-internacional-de-las-personas-con-discapacidad-con-una-jornada-de-sensibilizacion-e-inclusion\/","title":{"rendered":"El Cabildo conmemora el D\u00eda Internacional de las Personas con Discapacidad con una jornada de sensibilizaci\u00f3n e inclusi\u00f3n"},"content":{"rendered":"<div class=\"entry-content\"><strong>1 diciembre, 2025<\/strong><\/p>\n<p><strong><em>La jornada ofrecer\u00e1 conferencias, experiencias y m\u00fasica para<br \/>\nvisibilizar los derechos y capacidades de las personas con discapacidad.<\/em><\/strong><\/p>\n<p>El Cabildo de Fuerteventura, a trav\u00e9s del \u00e1rea de Acci\u00f3n Social, que<br \/>\ndirige V\u00edctor Alonso, conmemora el D\u00eda Internacional de las Personas con<br \/>\nDiscapacidad, que se celebra cada 3 de diciembre, con una completa programaci\u00f3n<br \/>\nde actividades orientadas a impulsar sociedades inclusivas para la discapacidad<br \/>\ncon el fin de avanzar el progreso social. El evento tendr\u00e1 lugar en el Centro<br \/>\nInsular de Juventud y comenzar\u00e1 a las 10.00 horas. <\/p>\n<p>En primer lugar, Plena Inclusi\u00f3n Canarias ofrecer\u00e1 la conferencia<br \/>\n\u201cApoyo Emocional\u201d, abordando herramientas y estrategias para acompa\u00f1ar a<br \/>\npersonas con discapacidad y sus familias.<\/p>\n<p>Posteriormente, se dar\u00e1 voz a diferentes asociaciones y colectivos<br \/>\ndel Tercer Sector, como FUNTEAC, ADISFUER y ADIVIA, quienes compartir\u00e1n sus<br \/>\nexperiencias y el trabajo que desarrollan con personas con discapacidad y sus<br \/>\nfamilias.<\/p>\n<p>Como cada a\u00f1o, se proceder\u00e1 a la lectura de un manifiesto, que en<br \/>\nesta ocasi\u00f3n correr\u00e1 a cargo de la Asociaci\u00f3n Paso a Paso, acercando al p\u00fablico<br \/>\nla realidad cotidiana de las familias con personas con discapacidad y su lucha<br \/>\npor entornos accesibles, igualitarios y participativos.<\/p>\n<p>La jornada concluir\u00e1 a las 12.30 horas con la energ\u00eda y el ritmo<br \/>\nde la Batucada del Taller de Musicoterapia, integrada por personas con<br \/>\ndiscapacidad de los Centros de D\u00eda del Cabildo y de la Asociaci\u00f3n ADISFUER.<\/p>\n<\/div>\n","protected":false},"excerpt":{"rendered":"<p>1 diciembre, 2025 La jornada ofrecer\u00e1 conferencias, experiencias y m\u00fasica para visibilizar los derechos y capacidades de las personas con discapacidad. El Cabildo de Fuerteventura, a trav\u00e9s del \u00e1rea de [&hellip;]<\/p>\n","protected":false},"author":1,"featured_media":14828,"comment_status":"open","ping_status":"open","sticky":false,"template":"","format":"standard","meta":{"inline_featured_image":false,"jnews-multi-image_gallery":[],"jnews_single_post":[],"jnews_primary_category":[],"jnews_social_meta":[],"jnews_override_counter":[],"jnews_post_split":[],"footnotes":""},"categories":[58],"tags":[82],"class_list":["post-14826","post","type-post","status-publish","format-standard","has-post-thumbnail","hentry","category-cabildo","tag-fuerteventura"],"jetpack_featured_media_url":"https:\/\/informacionlocal.es\/wp-content\/uploads\/2025\/12\/dc3ada-discapacidad_page-0001.jpg","_links":{"self":[{"href":"https:\/\/informacionlocal.es\/de\/wp-json\/wp\/v2\/posts\/14826","targetHints":{"allow":["GET"]}}],"collection":[{"href":"https:\/\/informacionlocal.es\/de\/wp-json\/wp\/v2\/posts"}],"about":[{"href":"https:\/\/informacionlocal.es\/de\/wp-json\/wp\/v2\/types\/post"}],"author":[{"embeddable":true,"href":"https:\/\/informacionlocal.es\/de\/wp-json\/wp\/v2\/users\/1"}],"replies":[{"embeddable":true,"href":"https:\/\/informacionlocal.es\/de\/wp-json\/wp\/v2\/comments?post=14826"}],"version-history":[{"count":0,"href":"https:\/\/informacionlocal.es\/de\/wp-json\/wp\/v2\/posts\/14826\/revisions"}],"wp:featuredmedia":[{"embeddable":true,"href":"https:\/\/informacionlocal.es\/de\/wp-json\/wp\/v2\/media\/14828"}],"wp:attachment":[{"href":"https:\/\/informacionlocal.es\/de\/wp-json\/wp\/v2\/media?parent=14826"}],"wp:term":[{"taxonomy":"category","embeddable":true,"href":"https:\/\/informacionlocal.es\/de\/wp-json\/wp\/v2\/categories?post=14826"},{"taxonomy":"post_tag","embeddable":true,"href":"https:\/\/informacionlocal.es\/de\/wp-json\/wp\/v2\/tags?post=14826"}],"curies":[{"name":"wp","href":"https:\/\/api.w.org\/{rel}","templated":true}]}}