{"id":14714,"date":"2025-11-29T01:58:25","date_gmt":"2025-11-29T01:58:25","guid":{"rendered":"https:\/\/informacionlocal.es\/acto-institucional-con-motivo-de-san-andres-patron-de-la-policia-local\/"},"modified":"2025-11-29T01:58:25","modified_gmt":"2025-11-29T01:58:25","slug":"acto-institucional-con-motivo-de-san-andres-patron-de-la-policia-local","status":"publish","type":"post","link":"https:\/\/informacionlocal.es\/de\/acto-institucional-con-motivo-de-san-andres-patron-de-la-policia-local\/","title":{"rendered":"Acto institucional con motivo de San Andr\u00e9s, patr\u00f3n de la Polic\u00eda Local"},"content":{"rendered":"<div class=\"entry-content\">\n<div class=\"x14z9mp xat24cr x1lziwak x1vvkbs xtlvy1s x126k92a\">\n<div dir=\"auto\">Las Polic\u00edas Locales de Fuerteventura celebraron en la ma\u00f1ana del viernes, 28 de noviembre, este tradicional encuentro en Tetir.<\/div>\n<div dir=\"auto\">Se realizaron diferentes actividades a escolares, y p\u00fablico en general, mostrando tantos los medios materiales como humanos con el que desempe\u00f1an su labor diaria.<\/div>\n<div dir=\"auto\">El acto finalizaba con reconocimientos y distinciones a diferentes personas.<\/div>\n<\/div>\n<div class=\"x14z9mp xat24cr x1lziwak x1vvkbs xtlvy1s x126k92a\">\n<div dir=\"auto\">Felicidades a los\/las agentes por el trabajo diario en favor de los vecinos\/as.<\/div>\n<\/div>\n<\/div>\n","protected":false},"excerpt":{"rendered":"<p>Las Polic\u00edas Locales de Fuerteventura celebraron en la ma\u00f1ana del viernes, 28 de noviembre, este tradicional encuentro en Tetir. Se realizaron diferentes actividades a escolares, y p\u00fablico en general, mostrando [&hellip;]<\/p>\n","protected":false},"author":1,"featured_media":14716,"comment_status":"open","ping_status":"open","sticky":false,"template":"","format":"standard","meta":{"inline_featured_image":false,"jnews-multi-image_gallery":[],"jnews_single_post":[],"jnews_primary_category":[],"jnews_social_meta":[],"jnews_override_counter":[],"jnews_post_split":[],"footnotes":""},"categories":[61],"tags":[82],"class_list":["post-14714","post","type-post","status-publish","format-standard","has-post-thumbnail","hentry","category-puerto-del-rosario","tag-fuerteventura"],"jetpack_featured_media_url":"https:\/\/informacionlocal.es\/wp-content\/uploads\/2025\/11\/pl-t-1-tetir25-alcalde-y-policias.jpg","_links":{"self":[{"href":"https:\/\/informacionlocal.es\/de\/wp-json\/wp\/v2\/posts\/14714","targetHints":{"allow":["GET"]}}],"collection":[{"href":"https:\/\/informacionlocal.es\/de\/wp-json\/wp\/v2\/posts"}],"about":[{"href":"https:\/\/informacionlocal.es\/de\/wp-json\/wp\/v2\/types\/post"}],"author":[{"embeddable":true,"href":"https:\/\/informacionlocal.es\/de\/wp-json\/wp\/v2\/users\/1"}],"replies":[{"embeddable":true,"href":"https:\/\/informacionlocal.es\/de\/wp-json\/wp\/v2\/comments?post=14714"}],"version-history":[{"count":0,"href":"https:\/\/informacionlocal.es\/de\/wp-json\/wp\/v2\/posts\/14714\/revisions"}],"wp:featuredmedia":[{"embeddable":true,"href":"https:\/\/informacionlocal.es\/de\/wp-json\/wp\/v2\/media\/14716"}],"wp:attachment":[{"href":"https:\/\/informacionlocal.es\/de\/wp-json\/wp\/v2\/media?parent=14714"}],"wp:term":[{"taxonomy":"category","embeddable":true,"href":"https:\/\/informacionlocal.es\/de\/wp-json\/wp\/v2\/categories?post=14714"},{"taxonomy":"post_tag","embeddable":true,"href":"https:\/\/informacionlocal.es\/de\/wp-json\/wp\/v2\/tags?post=14714"}],"curies":[{"name":"wp","href":"https:\/\/api.w.org\/{rel}","templated":true}]}}