{"id":14708,"date":"2025-11-28T20:58:21","date_gmt":"2025-11-28T20:58:21","guid":{"rendered":"https:\/\/informacionlocal.es\/mas-de-60-personas-participan-en-la-jornada-insular-para-la-prevencion-del-acoso-escolar\/"},"modified":"2025-11-28T20:58:21","modified_gmt":"2025-11-28T20:58:21","slug":"mas-de-60-personas-participan-en-la-jornada-insular-para-la-prevencion-del-acoso-escolar","status":"publish","type":"post","link":"https:\/\/informacionlocal.es\/de\/mas-de-60-personas-participan-en-la-jornada-insular-para-la-prevencion-del-acoso-escolar\/","title":{"rendered":"M\u00e1s de 60 personas participan en la jornada insular para la prevenci\u00f3n del acoso escolar"},"content":{"rendered":"<div class=\"entry-content\"><strong>28 noviembre, 2025<\/strong><\/p>\n<p><strong><em>Durante la jornada, se han reunido profesionales y familias para<br \/>\nreforzar la coordinaci\u00f3n y las herramientas de prevenci\u00f3n del acoso escolar<\/em><\/strong><\/p>\n<p>El Cabildo de Fuerteventura ha conmemorado el D\u00eda Internacional de<br \/>\nla Infancia con una variada programaci\u00f3n de actividades, organizadas por la<br \/>\nConsejer\u00eda de Acci\u00f3n Social, que dirige V\u00edctor Alonso, desde el Servicio<br \/>\nInsular de Infancia. En el d\u00eda de hoy, se desarroll\u00f3 una jornada sobre<br \/>\nestrategias para prevenir el bullying, con el objetivo de ofrecer una respuesta<br \/>\nformativa y comunitaria ante una realidad que afecta de forma directa en el<br \/>\nbienestar de los ni\u00f1os, ni\u00f1as y adolescentes de la Isla.<\/p>\n<p>Un total de 61 personas, entre profesionales y familias,<br \/>\nparticiparon en la jornada, que cont\u00f3 con la colaboraci\u00f3n de la empresa OXIA,<br \/>\nabordando el acoso escolar como uno de los principales problemas psicosociales<br \/>\ndetectados en el diagn\u00f3stico insular, destacando la necesidad de reforzar la<br \/>\nprevenci\u00f3n y la coordinaci\u00f3n con las familias, centros educativos y servicios<br \/>\nsociales.<\/p>\n<p>La alta participaci\u00f3n ha reflejado el compromiso creciente de la<br \/>\ncomunidad majorera con la protecci\u00f3n de la infancia y la creaci\u00f3n de entornos<br \/>\nseguros y libres de acoso.<\/p>\n<p>El consejero de Acci\u00f3n Social, V\u00edctor Alonso, subraya que \u201ctrabajar<br \/>\ncontra el acoso escolar significa actuar antes de que ocurra, fortaleciendo la<br \/>\nprevenci\u00f3n y colaboraci\u00f3n entre escuelas, familias y profesionales\u201d. \u201cEs<br \/>\nfundamental que sigamos creando espacios donde nuestra infancia se sienta<br \/>\nacompa\u00f1ada y escuchada. Esta jornada nos permite avanzar hacia un modelo de<br \/>\nconvivencia m\u00e1s cuidadoso y atento, en el que el bullying no tenga cabida en<br \/>\nnuestros centros ni en nuestra sociedad\u201d.<\/p>\n<p>El programa incluy\u00f3 una ponencia inicial del psic\u00f3logo de OXIA, Salvador<br \/>\nGonz\u00e1lez, donde present\u00f3 estrategias activas para prevenir el bullying. Adem\u00e1s,<br \/>\ntuvo lugar la presentaci\u00f3n del proyecto preventivo del IES Puerto del Rosario y<br \/>\nla experiencia \u2018Consulta Joven\u2019 del \u00c1rea de Salud de Fuerteventura. <\/p>\n<p>La jornada concluy\u00f3 con una mesa participada en la que<br \/>\nprofesionales del \u00e1mbito educativo, sanitario y social reflexionaron sobre los<br \/>\nretos y oportunidades para avanzar en la prevenci\u00f3n del bullying en la Isla.<\/p>\n<p>La programaci\u00f3n del Cabildo por el D\u00eda Internacional de la<br \/>\nInfancia ha contado con actividades como sesiones de cuentacuentos, un programa<br \/>\nespecial de radio en el CEIP Puerto Cabras, entre otras.<\/p>\n<\/div>\n","protected":false},"excerpt":{"rendered":"<p>28 noviembre, 2025 Durante la jornada, se han reunido profesionales y familias para reforzar la coordinaci\u00f3n y las herramientas de prevenci\u00f3n del acoso escolar El Cabildo de Fuerteventura ha conmemorado [&hellip;]<\/p>\n","protected":false},"author":1,"featured_media":14710,"comment_status":"open","ping_status":"open","sticky":false,"template":"","format":"standard","meta":{"inline_featured_image":false,"jnews-multi-image_gallery":[],"jnews_single_post":[],"jnews_primary_category":[],"jnews_social_meta":[],"jnews_override_counter":[],"jnews_post_split":[],"footnotes":""},"categories":[58],"tags":[82],"class_list":["post-14708","post","type-post","status-publish","format-standard","has-post-thumbnail","hentry","category-cabildo","tag-fuerteventura"],"jetpack_featured_media_url":"https:\/\/informacionlocal.es\/wp-content\/uploads\/2025\/11\/jornada-acoso-escolar-4.jpeg","_links":{"self":[{"href":"https:\/\/informacionlocal.es\/de\/wp-json\/wp\/v2\/posts\/14708","targetHints":{"allow":["GET"]}}],"collection":[{"href":"https:\/\/informacionlocal.es\/de\/wp-json\/wp\/v2\/posts"}],"about":[{"href":"https:\/\/informacionlocal.es\/de\/wp-json\/wp\/v2\/types\/post"}],"author":[{"embeddable":true,"href":"https:\/\/informacionlocal.es\/de\/wp-json\/wp\/v2\/users\/1"}],"replies":[{"embeddable":true,"href":"https:\/\/informacionlocal.es\/de\/wp-json\/wp\/v2\/comments?post=14708"}],"version-history":[{"count":0,"href":"https:\/\/informacionlocal.es\/de\/wp-json\/wp\/v2\/posts\/14708\/revisions"}],"wp:featuredmedia":[{"embeddable":true,"href":"https:\/\/informacionlocal.es\/de\/wp-json\/wp\/v2\/media\/14710"}],"wp:attachment":[{"href":"https:\/\/informacionlocal.es\/de\/wp-json\/wp\/v2\/media?parent=14708"}],"wp:term":[{"taxonomy":"category","embeddable":true,"href":"https:\/\/informacionlocal.es\/de\/wp-json\/wp\/v2\/categories?post=14708"},{"taxonomy":"post_tag","embeddable":true,"href":"https:\/\/informacionlocal.es\/de\/wp-json\/wp\/v2\/tags?post=14708"}],"curies":[{"name":"wp","href":"https:\/\/api.w.org\/{rel}","templated":true}]}}