{"id":14702,"date":"2025-11-28T19:58:29","date_gmt":"2025-11-28T19:58:29","guid":{"rendered":"https:\/\/informacionlocal.es\/el-cabildo-renueva-la-mitad-de-la-flota-de-guaguas-de-transporte-interurbano\/"},"modified":"2025-11-28T19:58:29","modified_gmt":"2025-11-28T19:58:29","slug":"el-cabildo-renueva-la-mitad-de-la-flota-de-guaguas-de-transporte-interurbano","status":"publish","type":"post","link":"https:\/\/informacionlocal.es\/de\/el-cabildo-renueva-la-mitad-de-la-flota-de-guaguas-de-transporte-interurbano\/","title":{"rendered":"El Cabildo renueva la mitad de la flota de guaguas de transporte interurbano"},"content":{"rendered":"<div class=\"entry-content\"><strong>28 noviembre, 2025<\/strong><\/p>\n<p><em><strong>Adem\u00e1s, se ha ampliado la flota de 49 a 56 guaguas, con veh\u00edculos de mayor comodidad, accesibilidad y sostenibilidad<\/strong><\/em><\/p>\n<p>El Cabildo de Fuerteventura renueva la mitad de la flota de veh\u00edculos de transporte interurbano. En el d\u00eda de hoy, se han presentado las 12 nuevas guaguas que se incorporan a la flota, que se suman a las 10 ya integradas el pasado mes de abril. En total: 22 nuevas guaguas, lo que permite la renovaci\u00f3n de pr\u00e1cticamente el 50% de las guaguas del servicio p\u00fablico, ofreciendo veh\u00edculos de mayor comodidad, accesibilidad y sostenibilidad.<\/p>\n<p>Los nuevos veh\u00edculos fueron presentados hoy por la presidenta del Cabildo, Lola Garc\u00eda, el consejero de Transportes, Luis Gonz\u00e1lez, la directora general de Transportes y Movilidad del Gobierno de Canarias, Mar\u00eda Fern\u00e1ndez, adem\u00e1s del consejero delegado de ALSA, Francisco Iglesias, entre otros representantes de la actual empresa concesionaria del servicio.<\/p>\n<p>La presidenta insular, Lola Garc\u00eda, destaca, que \u201cla renovaci\u00f3n de la flota no solo ha sido cualitativa, mejorando el confort, la seguridad y la sostenibilidad de los veh\u00edculos, sino tambi\u00e9n cuantitativa, ya que entre 2024 y 2025 se ha ampliado la flota de 49 a 56 guaguas operativas en el transporte interurbano de la isla\u201d.<\/p>\n<p>Con esta renovaci\u00f3n, apunt\u00f3 Garc\u00eda, Fuerteventura se sit\u00faa como uno de los servicios p\u00fablicos de transporte regular con la antig\u00fcedad media m\u00e1s baja del archipi\u00e9lago. La media en Canarias es de 7,5 a\u00f1os, mientras que en Fuerteventura se sit\u00faa en 3,8 a\u00f1os. Las mejoras en el servicio han permitido, adem\u00e1s, incrementar las frecuencias en 210.000 kil\u00f3metros anuales.<\/p>\n<p>Adem\u00e1s, es un servicio que no cuesta dinero al ciudadano, ya que se ha garantizado la gratuidad del servicio \u201cy se sigue apostando por que se mantenga al 100%\u201d.<\/p>\n<p>\u201cIncorporarmos nuevos veh\u00edculos, con las mejores prestaciones: guaguas m\u00e1s accesibles, m\u00e1s seguras y de bajas emisiones, dentro de ese compromiso de no s\u00f3lo seguir adelante con la licitaci\u00f3n de la nueva concesi\u00f3n, sino tambi\u00e9n de ir actualizando el servicio que se presta actualmente\u201d, explic\u00f3 el consejero de Transportes, Luis Gonz\u00e1lez.<\/p>\n<p>El consejero ha destacado la colaboraci\u00f3n con ALSA, la empresa operadora del servicio, que, a pesar de asumir una concesi\u00f3n en fase de pr\u00f3rroga, ha trabajado conjuntamente para atender las demandas del Cabildo y mejorar sustancialmente la experiencia de los usuarios.<\/p>\n<p>\u201cCon esta renovaci\u00f3n y ampliaci\u00f3n de la flota, desde el Cabildo de Fuerteventura reafirmamos nuestro compromiso con un transporte p\u00fablico moderno, seguro, sostenible y accesible para toda la ciudadan\u00eda\u201d, prosigui\u00f3 el consejero insular.<\/p>\n<p>Al mismo tiempo, desde la Consejer\u00eda de Transportes se est\u00e1 trabajando en la mejora de las infraestructuras necesarias para el servicio como marquesinas o paradas preferentes.<\/p>\n<p>La directora general de Transportes y Movilidad del Gobierno de Canarias, Mar\u00eda Fern\u00e1ndez, destac\u00f3 que \u201choy no estamos aqu\u00ed s\u00f3lo para presentar una nueva flota de guaguas, sino para reconocer el firme compromiso que mantienen tanto el Cabildo de Fuerteventura como la empresa prestataria, ALSA, con la movilidad sostenible en la isla\u201d.<\/p>\n<p>Fern\u00e1ndez subray\u00f3 que \u201ctodos conocemos el impacto positivo que ha tenido la gratuidad del transporte para la ciudadan\u00eda\u201d. En este sentido, recalc\u00f3 que el objetivo ahora es \u201cconservar a todos esos nuevos usuarios que hemos captado y seguir sumando m\u00e1s, ofreciendo una movilidad cada vez mejor, m\u00e1s c\u00f3moda y m\u00e1s sostenible\u201d.<\/p>\n<p>La directora general explic\u00f3 que a la incorporaci\u00f3n de estas 12 nuevas guaguas \u201cse sumar\u00e1n tres unidades adicionales \u2014el\u00e9ctricas e h\u00edbridas\u2014 que llegar\u00e1n gracias a los fondos europeos que hemos vehiculizado a trav\u00e9s del Cabildo\u201d. Una inversi\u00f3n que, seg\u00fan afirm\u00f3, permitir\u00e1 \u201cseguir ofreciendo un servicio de calidad a la ciudadan\u00eda y avanzar con paso firme hacia una movilidad m\u00e1s sostenible\u201d.<\/p>\n<\/div>\n","protected":false},"excerpt":{"rendered":"<p>28 noviembre, 2025 Adem\u00e1s, se ha ampliado la flota de 49 a 56 guaguas, con veh\u00edculos de mayor comodidad, accesibilidad y sostenibilidad El Cabildo de Fuerteventura renueva la mitad de [&hellip;]<\/p>\n","protected":false},"author":1,"featured_media":14704,"comment_status":"open","ping_status":"open","sticky":false,"template":"","format":"standard","meta":{"inline_featured_image":false,"jnews-multi-image_gallery":[],"jnews_single_post":[],"jnews_primary_category":[],"jnews_social_meta":[],"jnews_override_counter":[],"jnews_post_split":[],"footnotes":""},"categories":[58],"tags":[82,66,75],"class_list":["post-14702","post","type-post","status-publish","format-standard","has-post-thumbnail","hentry","category-cabildo","tag-fuerteventura","tag-servicios-publicos","tag-transportes"],"jetpack_featured_media_url":"https:\/\/informacionlocal.es\/wp-content\/uploads\/2025\/11\/20251128-guaguas_20251128_transportes_guaguas-16-scaled.jpg","_links":{"self":[{"href":"https:\/\/informacionlocal.es\/de\/wp-json\/wp\/v2\/posts\/14702","targetHints":{"allow":["GET"]}}],"collection":[{"href":"https:\/\/informacionlocal.es\/de\/wp-json\/wp\/v2\/posts"}],"about":[{"href":"https:\/\/informacionlocal.es\/de\/wp-json\/wp\/v2\/types\/post"}],"author":[{"embeddable":true,"href":"https:\/\/informacionlocal.es\/de\/wp-json\/wp\/v2\/users\/1"}],"replies":[{"embeddable":true,"href":"https:\/\/informacionlocal.es\/de\/wp-json\/wp\/v2\/comments?post=14702"}],"version-history":[{"count":0,"href":"https:\/\/informacionlocal.es\/de\/wp-json\/wp\/v2\/posts\/14702\/revisions"}],"wp:featuredmedia":[{"embeddable":true,"href":"https:\/\/informacionlocal.es\/de\/wp-json\/wp\/v2\/media\/14704"}],"wp:attachment":[{"href":"https:\/\/informacionlocal.es\/de\/wp-json\/wp\/v2\/media?parent=14702"}],"wp:term":[{"taxonomy":"category","embeddable":true,"href":"https:\/\/informacionlocal.es\/de\/wp-json\/wp\/v2\/categories?post=14702"},{"taxonomy":"post_tag","embeddable":true,"href":"https:\/\/informacionlocal.es\/de\/wp-json\/wp\/v2\/tags?post=14702"}],"curies":[{"name":"wp","href":"https:\/\/api.w.org\/{rel}","templated":true}]}}