{"id":14696,"date":"2025-11-28T18:58:32","date_gmt":"2025-11-28T18:58:32","guid":{"rendered":"https:\/\/informacionlocal.es\/saturnalia-cultura-llega-a-puerto-del-rosario-cargado-de-actividades-culturales-para-todos-los-publicos\/"},"modified":"2025-11-28T18:58:32","modified_gmt":"2025-11-28T18:58:32","slug":"saturnalia-cultura-llega-a-puerto-del-rosario-cargado-de-actividades-culturales-para-todos-los-publicos","status":"publish","type":"post","link":"https:\/\/informacionlocal.es\/de\/saturnalia-cultura-llega-a-puerto-del-rosario-cargado-de-actividades-culturales-para-todos-los-publicos\/","title":{"rendered":"\u2018Saturnalia Cultura\u2019 llega a Puerto del Rosario cargado de actividades culturales para todos los p\u00fablicos"},"content":{"rendered":"<div class=\"entry-content\">\n<p>Bajo el lema <strong>\u2018Saturnalia Cultural\u2019,<\/strong> el ayuntamiento de Puerto del Rosario, a trav\u00e9s de\u00a0 la concejal\u00eda de Cultura llevar\u00e1 a cabo un fest\u00edn literario durante todo el mes de diciembre que acercar\u00e1 hasta la Casa de la Cultura de la capital a importantes autores canarios y peninsulares como Jacobo Bergareche, Alicia Llarena, Beatriz Morales, Juan Manuel de Prada o Juan Cruz.<\/p>\n<p>Para el <strong>alcalde, David de Vera<\/strong> \u201cnuevamente el municipio destaca por la calidad de las actividades culturales que se presentan y tienen continuidad durante todo el a\u00f1o, acercando al p\u00fablico diferentes opciones en las que pueden participar de manera gratuita\u201d.<\/p>\n<p>El <strong>concejal de cultura, Juan Manuel Verdugo<\/strong>, destacaba que \u201ccon esta programaci\u00f3n, Puerto del Rosario reafirma su vocaci\u00f3n con la literatura, poes\u00eda, y la cultura en general, ofreciendo a los vecinos disfrutar de estas actividades e interactuar con los diferentes autores participantes\u201d.<\/p>\n<p>El diciembre literario, comenzar\u00e1 el pr\u00f3ximo martes, 02 de diciembre, a als 20:00h \u00a0con el espect\u00e1culo \u2018Las nanas seg\u00fan Lorca\u2019 de la compa\u00f1\u00eda madrile\u00f1a Ultramarinos de Lucas donde se recrea la conferencia de las canciones de cuna espa\u00f1olas impartida por Federico Garc\u00eda Lorca el 13 de diciembre de 1928 en la Residencia de Estudiantes de Madrid.<\/p>\n<p>La compa\u00f1\u00eda recrea esta Conferencia apasionada, para dar vida sobre el escenario a las palabras y las canciones de cuna que con tanto esmero recogi\u00f3 Federico, mostrando la fusi\u00f3n mel\u00f3dica de las distintas regiones de Espa\u00f1a.<\/p>\n<p>El mi\u00e9rcoles 03 de diciembre, a las 19.30 horas, tendr\u00e1 lugar la presentaci\u00f3n del libro \u2018Las despedidas\u2019 de Jacobo Bergareche.<\/p>\n<p>La literatura regresa a la Casa de la Cultura de la capital el 10 de diciembre. En esta ocasi\u00f3n, de la mano del escritor Juan Manuel de Prada. El autor presentar\u00e1 \u2018C\u00e1rcel de tinieblas\u2019, continuaci\u00f3n de \u2018La ciudad sin luz\u2019. El acto ser\u00e1 a las 19.30 horas.<\/p>\n<p>La poes\u00eda tambi\u00e9n vuelve a la capital, el 11 de diciembre, con un nuevo encuentro de Puerto es poes\u00eda. Alicia Llarena, a la que el Gobierno de Canarias ha distinguido este 2025 por el D\u00eda de las Escritoras,compartir\u00e1 lectura, a las 19.30 horas, con la escritora grancanaria Beatriz Morales. Las dos poetas estar\u00e1n acompa\u00f1adas por Pedro Clemente a la guitarra.<\/p>\n<p>Los interesados en adentrarse en las t\u00e9cnicas del microrelato tienen una oportunidad, el pr\u00f3ximo 16 de diciembre en \u2018Grandes historias en peque\u00f1o formato\u2019, un taller impartido por la escritora Yurena Gonz\u00e1lez Herrera. Ser\u00e1 a las 17.00 horas en la Casa de la Cultura, previa inscripci\u00f3n en bibliotecamunicipal89@gmail.com<\/p>\n<p>En esta primera edici\u00f3n de Saturnalia Cultural recordaremos la figura del pol\u00edtico y activista Pedro Zerolo a trav\u00e9s de la publicaci\u00f3n `Pedro Zerolo. Vida y legado de un pionero por los derechos civiles\u2019 de Miguel A. Fern\u00e1ndez. La presentaci\u00f3n tendr\u00e1 lugar el martes 16 de diciembre a las 19:30 h<\/p>\n<p>Por \u00faltimo, el 17 de diciembre, 19:30 h el periodista y escritor canario Juan Cruz presentar\u00e1 \u2018Secreto y pasi\u00f3n de la literatura\u2019, una obra en forma de semblanza de una larga serie de autores imprescindibles de la narrativa espa\u00f1ola e hispano-americana de las \u00faltimas d\u00e9cadas.<\/p>\n<\/div>\n","protected":false},"excerpt":{"rendered":"<p>Bajo el lema \u2018Saturnalia Cultural\u2019, el ayuntamiento de Puerto del Rosario, a trav\u00e9s de\u00a0 la concejal\u00eda de Cultura llevar\u00e1 a cabo un fest\u00edn literario durante todo el mes de diciembre [&hellip;]<\/p>\n","protected":false},"author":1,"featured_media":14698,"comment_status":"open","ping_status":"open","sticky":false,"template":"","format":"standard","meta":{"inline_featured_image":false,"jnews-multi-image_gallery":[],"jnews_single_post":[],"jnews_primary_category":[],"jnews_social_meta":[],"jnews_override_counter":[],"jnews_post_split":[],"footnotes":""},"categories":[61],"tags":[],"class_list":["post-14696","post","type-post","status-publish","format-standard","has-post-thumbnail","hentry","category-puerto-del-rosario"],"jetpack_featured_media_url":"https:\/\/informacionlocal.es\/wp-content\/uploads\/2025\/11\/casa-t-1-de-la-cultura-fachada-1.jpg","_links":{"self":[{"href":"https:\/\/informacionlocal.es\/de\/wp-json\/wp\/v2\/posts\/14696","targetHints":{"allow":["GET"]}}],"collection":[{"href":"https:\/\/informacionlocal.es\/de\/wp-json\/wp\/v2\/posts"}],"about":[{"href":"https:\/\/informacionlocal.es\/de\/wp-json\/wp\/v2\/types\/post"}],"author":[{"embeddable":true,"href":"https:\/\/informacionlocal.es\/de\/wp-json\/wp\/v2\/users\/1"}],"replies":[{"embeddable":true,"href":"https:\/\/informacionlocal.es\/de\/wp-json\/wp\/v2\/comments?post=14696"}],"version-history":[{"count":0,"href":"https:\/\/informacionlocal.es\/de\/wp-json\/wp\/v2\/posts\/14696\/revisions"}],"wp:featuredmedia":[{"embeddable":true,"href":"https:\/\/informacionlocal.es\/de\/wp-json\/wp\/v2\/media\/14698"}],"wp:attachment":[{"href":"https:\/\/informacionlocal.es\/de\/wp-json\/wp\/v2\/media?parent=14696"}],"wp:term":[{"taxonomy":"category","embeddable":true,"href":"https:\/\/informacionlocal.es\/de\/wp-json\/wp\/v2\/categories?post=14696"},{"taxonomy":"post_tag","embeddable":true,"href":"https:\/\/informacionlocal.es\/de\/wp-json\/wp\/v2\/tags?post=14696"}],"curies":[{"name":"wp","href":"https:\/\/api.w.org\/{rel}","templated":true}]}}