{"id":14690,"date":"2025-11-28T17:58:28","date_gmt":"2025-11-28T17:58:28","guid":{"rendered":"https:\/\/informacionlocal.es\/la-plaza-de-los-mantequillas-sera-el-escenario-principal-de-la-primera-edicion-de-23-grados-jazz\/"},"modified":"2025-11-28T17:58:28","modified_gmt":"2025-11-28T17:58:28","slug":"la-plaza-de-los-mantequillas-sera-el-escenario-principal-de-la-primera-edicion-de-23-grados-jazz","status":"publish","type":"post","link":"https:\/\/informacionlocal.es\/de\/la-plaza-de-los-mantequillas-sera-el-escenario-principal-de-la-primera-edicion-de-23-grados-jazz\/","title":{"rendered":"La plaza de Los Mantequillas ser\u00e1 el escenario principal de la primera edici\u00f3n de 23 Grados Jazz"},"content":{"rendered":"<div class=\"entry-content\">\n<p><b>\u00a0<\/b><b><i>El encuentro, organizado por Fuerteventura Big Band con el apoyo y patrocinio del Ayuntamiento de P\u00e1jara, tendr\u00e1 lugar ma\u00f1ana s\u00e1bado, 29 de noviembre, a las 19:00 horas<\/i><\/b><\/p>\n<p><span>El Ayuntamiento de P\u00e1jara, a trav\u00e9s de la Concejal\u00eda de Cultura, patrocina la primera edici\u00f3n del festival al aire libre 23 Grados Jazz, organizada por Fuerteventura Big Band. El encuentro se celebrar\u00e1 ma\u00f1ana s\u00e1bado, a las 19:00 horas, en la plaza de Los Mantequillas, junto a la ermita de San Miguel, en Morro Jable.<\/span><\/p>\n<p><span>El concejal de Cultura, Jos\u00e9 D\u00edaz, explica que el nombre del festival hace referencia a la temperatura media anual de la isla, \u201cun clima suave y agradable que permite disfrutar de la m\u00fasica en directo y la cultura al aire libre durante todo el a\u00f1o\u201d, apunta.<\/span><\/p>\n<p><span>Por su parte, el alcalde, Alejandro Jorge, invita a la ciudadan\u00eda a disfrutar de este espect\u00e1culo que pretende consolidarse como una cita anual para acercar el jazz a la ciudadan\u00eda, dinamizar el casco urbano de Morro Jable y ofrecer un espacio donde compartir m\u00fasica, cultura y buen ambiente.<\/span><\/p>\n<p><span>La jornada es gratuita y est\u00e1 dirigida a todos los p\u00fablicos. En esta primera edici\u00f3n participar\u00e1n tres formaciones: Calle 17, Banda majorera de ritmos cubanos y latinos, Casual Combo Big Band y la Fuerteventura Big Band, anfitriona del festival.\u00a0<\/span><\/p>\n<\/div>\n","protected":false},"excerpt":{"rendered":"<p><i>El encuentro, organizado por Fuerteventura Big Band con el apoyo y patrocinio del Ayuntamiento de P\u00e1jara, tendr\u00e1 lugar ma\u00f1ana s\u00e1bado, 29 de noviembre, a las 19:00 horas<\/i><\/p>\n","protected":false},"author":1,"featured_media":14692,"comment_status":"open","ping_status":"open","sticky":false,"template":"","format":"standard","meta":{"inline_featured_image":false,"jnews-multi-image_gallery":[],"jnews_single_post":[],"jnews_primary_category":[],"jnews_social_meta":[],"jnews_override_counter":[],"jnews_post_split":[],"footnotes":""},"categories":[63],"tags":[82],"class_list":["post-14690","post","type-post","status-publish","format-standard","has-post-thumbnail","hentry","category-pajara","tag-fuerteventura"],"jetpack_featured_media_url":"https:\/\/informacionlocal.es\/wp-content\/uploads\/2025\/11\/af-a3-23grados-jazz-cartel-nov20251_page-0001.jpg","_links":{"self":[{"href":"https:\/\/informacionlocal.es\/de\/wp-json\/wp\/v2\/posts\/14690","targetHints":{"allow":["GET"]}}],"collection":[{"href":"https:\/\/informacionlocal.es\/de\/wp-json\/wp\/v2\/posts"}],"about":[{"href":"https:\/\/informacionlocal.es\/de\/wp-json\/wp\/v2\/types\/post"}],"author":[{"embeddable":true,"href":"https:\/\/informacionlocal.es\/de\/wp-json\/wp\/v2\/users\/1"}],"replies":[{"embeddable":true,"href":"https:\/\/informacionlocal.es\/de\/wp-json\/wp\/v2\/comments?post=14690"}],"version-history":[{"count":0,"href":"https:\/\/informacionlocal.es\/de\/wp-json\/wp\/v2\/posts\/14690\/revisions"}],"wp:featuredmedia":[{"embeddable":true,"href":"https:\/\/informacionlocal.es\/de\/wp-json\/wp\/v2\/media\/14692"}],"wp:attachment":[{"href":"https:\/\/informacionlocal.es\/de\/wp-json\/wp\/v2\/media?parent=14690"}],"wp:term":[{"taxonomy":"category","embeddable":true,"href":"https:\/\/informacionlocal.es\/de\/wp-json\/wp\/v2\/categories?post=14690"},{"taxonomy":"post_tag","embeddable":true,"href":"https:\/\/informacionlocal.es\/de\/wp-json\/wp\/v2\/tags?post=14690"}],"curies":[{"name":"wp","href":"https:\/\/api.w.org\/{rel}","templated":true}]}}