{"id":14647,"date":"2025-11-27T15:58:23","date_gmt":"2025-11-27T15:58:23","guid":{"rendered":"https:\/\/informacionlocal.es\/la-secretaria-de-estado-de-turismo-constata-en-la-isla-la-ejecucion-del-80-del-plan-de-sostenibilidad-turistica-en-destino\/"},"modified":"2025-11-27T15:58:23","modified_gmt":"2025-11-27T15:58:23","slug":"la-secretaria-de-estado-de-turismo-constata-en-la-isla-la-ejecucion-del-80-del-plan-de-sostenibilidad-turistica-en-destino","status":"publish","type":"post","link":"https:\/\/informacionlocal.es\/de\/la-secretaria-de-estado-de-turismo-constata-en-la-isla-la-ejecucion-del-80-del-plan-de-sostenibilidad-turistica-en-destino\/","title":{"rendered":"\ufeffLa secretaria de Estado de Turismo constata en la Isla la ejecuci\u00f3n del 80% del Plan de Sostenibilidad Tur\u00edstica en Destino"},"content":{"rendered":"<div class=\"entry-content\"><strong>27 noviembre, 2025<\/strong><\/p>\n<p><em><strong>La inversi\u00f3n en Fuerteventura de fondos europeos Next Generation asciende a 18,7 millones de euros con actuaciones que mejoran los espacios p\u00fablicos e infraestructuras insulares y municipales<\/strong><\/em><\/p>\n<p><strong>Jueves<br \/>\n27 de noviembre<\/strong><strong> de 2025.-<\/strong><\/p>\n<p>La<br \/>\npresidenta del Cabildo, Lola Garc\u00eda, y la consejera de Turismo, Marlene<br \/>\nFigueroa, recibieron hoy a la secretaria de Estado de Turismo, Rosario S\u00e1nchez,<br \/>\nquien ha constatado, en una reuni\u00f3n de trabajo, el alto grado de ejecuci\u00f3n de<br \/>\nlos proyectos para la transformaci\u00f3n sostenible de la isla. Un importante<br \/>\nprograma de inversiones desarrolladas por un total de 18,7 millones de euros<br \/>\ncon fondos Next Generation del Plan de Recuperaci\u00f3n, Transformaci\u00f3n y<br \/>\nResiliencia del Gobierno de Espa\u00f1a. <\/p>\n<p>En el<br \/>\nencuentro estuvieron presentes la Senadora por Fuerteventura, Paloma Hern\u00e1ndez,<br \/>\nla directora Insular de la Delegaci\u00f3n del Gobierno, Mar\u00eda Jes\u00fas de la Cruz, y<br \/>\notros miembros de la Corporaci\u00f3n Insular, visitando despu\u00e9s los paisajes<br \/>\nprotegidos de Vallebr\u00f3n y Vallegrande, as\u00ed como la rehabilitaci\u00f3n del Mercado<br \/>\nde la Casa del Coronel en La Oliva, proyectos que se desarrollan con cargo al<br \/>\nPlan de Sostenibilidad Tur\u00edstica en Destino (PSTD) y que revaloriza el<br \/>\npatrimonio hist\u00f3rico y cultural de la Isla. <\/p>\n<p>\u201cNo<br \/>\nse trata \u00fanicamente de proyectos para mejorar la experiencia de los turistas,<br \/>\nsino de multitud de actuaciones para garantizar el futuro de los destinos y<br \/>\nempresas locales de Fuerteventura\u201d, ha explicado la secretaria de Estado de<br \/>\nTurismo, que ha a\u00f1adido que de esta manera tambi\u00e9n se asegura \u201cque se orienten<br \/>\nhacia un modelo de turismo m\u00e1s sostenible, que sea fuente de trabajo de calidad<br \/>\ny prosperidad, y mantenga un equilibrio para el bienestar de los majoreros y<br \/>\nmajoreras\u201d.<\/p>\n<p>\u201cSe<br \/>\ntrata de la mayor inversi\u00f3n p\u00fablica que se ha hecho nunca en Espa\u00f1a en materia<br \/>\ntur\u00edstica, tambi\u00e9n en la isla de Fuerteventura\u201d, ha resaltado Rosario S\u00e1nchez<br \/>\nsobre el impacto de las inversiones tur\u00edsticas a trav\u00e9s del Plan de<br \/>\nRecuperaci\u00f3n, Transformaci\u00f3n y Resiliencia.<\/p>\n<p>La<br \/>\npresidenta del Cabildo, Lola Garc\u00eda, ha agradecido la visita a la secretaria de<br \/>\nEstado de Turismo aprovechando para exponerle la relaci\u00f3n de proyectos en<br \/>\nmarcha. \u201cUna de<br \/>\nlas l\u00edneas prioritarias de este Cabildo de Fuerteventura es trabajar por la<br \/>\nprotecci\u00f3n de nuestro paisaje y territorio, as\u00ed como nuestra identidad como pueblo.<br \/>\nUna estrategia que debe ser trasversal desde todas las \u00e1reas de la Corporaci\u00f3n<br \/>\ninsular, como ocurre con el Plan de Sostenibilidad Tur\u00edstica en Destino \u2018Fuerte<br \/>\npor Naturaleza\u2019, con actuaciones por diferentes puntos de toda la geograf\u00eda<br \/>\ninsular\u201d.<\/p>\n<p>En este<br \/>\nsentido, Garc\u00eda ha agradecido la coordinaci\u00f3n con los ayuntamientos, dentro del<br \/>\nPlan Fuerte por Naturaleza, \u201cque ha permitido llevar estas acciones a todos los<br \/>\nmunicipios\u201d.<\/p>\n<p>Por<br \/>\nsu parte, la consejera de Turismo, Marlene Figueroa, ha se\u00f1alado que desde la<br \/>\nCorporaci\u00f3n Insular estamos firmemente comprometidos con una gesti\u00f3n eficiente<br \/>\nde los recursos, habiendo alcanzado un 80% de ejecuci\u00f3n, para el desarrollo de<br \/>\nla triple sostenibilidad en la Isla: econ\u00f3mica, social y medioambiental,<br \/>\nsubrayando que son las personas las que est\u00e1n en el centro de las pol\u00edticas<br \/>\ntur\u00edsticas, considerando a los residentes como destinatarios directos.<\/p>\n<p>Figueroa<br \/>\nha emplazado a la secretaria de Estado a seguir colaborando estrechamente con<br \/>\nla Isla de manera coordinada y continuada en diferentes \u00e1mbitos que abarcan<br \/>\ndesde el Plan de Desarrollo Tur\u00edstico en Destino (PDST), la apuesta por la<br \/>\ndigitalizaci\u00f3n y un destino inteligente con SEGITTUR, la mejora constante y la<br \/>\ncalidad en el destino en el marco del SICTED y la promoci\u00f3n y el posicionamiento<br \/>\nde Fuerteventura en los mercados emisores con TURESPA\u00d1A.<\/p>\n<p>Desde<br \/>\nel Cabildo Insular y en el marco del Plan de Sostenibilidad Tur\u00edstica en<br \/>\nDestino (PDTS) \u201cFuerte por Naturaleza\u201d se vienen ejecutando\u00a0 proyectos por valor de 9.133.137\u20ac en diferentes<br \/>\n\u00e1mbitos que abarcan desde la rehabilitaci\u00f3n del patrimonio hist\u00f3rico como la<br \/>\nTorre del Tost\u00f3n, el Mirador de Morro Velosa o el Mercado de la Casa del<br \/>\nCoronel; actuaciones en infraestructuras p\u00fablicas como la Avenida de Puerto del<br \/>\nRosario; adecentamiento y recuperaci\u00f3n de entornos naturales como Vallebr\u00f3n y<br \/>\nVallegrande o la naturalizaci\u00f3n del Saladar de Jand\u00eda; <\/p>\n<p>Tambi\u00e9n<br \/>\nse est\u00e1 desarrollando una plataforma Big Data para la monitorizaci\u00f3n de todos<br \/>\nlos indicadores socioecon\u00f3micos y de gesti\u00f3n relacionados con el turismo de la<br \/>\nIsla; inversiones en la mejora de la se\u00f1alizaci\u00f3n y puntos de informaci\u00f3n<br \/>\ntur\u00edstica inteligente; promoci\u00f3n del consumo local \u201cKil\u00f3metro 0\u201d; desarrollo de<br \/>\nla red de playas inteligentes; la mejora del sistema de recogida de residuos en<br \/>\nplayas y reutilizaci\u00f3n de aguas; alumbrado fotovoltaico Starlight, etc\u00e9tera. <\/p>\n<\/div>\n","protected":false},"excerpt":{"rendered":"<p>27 noviembre, 2025 La inversi\u00f3n en Fuerteventura de fondos europeos Next Generation asciende a 18,7 millones de euros con actuaciones que mejoran los espacios p\u00fablicos e infraestructuras insulares y municipales [&hellip;]<\/p>\n","protected":false},"author":1,"featured_media":14649,"comment_status":"open","ping_status":"open","sticky":false,"template":"","format":"standard","meta":{"inline_featured_image":false,"jnews-multi-image_gallery":[],"jnews_single_post":[],"jnews_primary_category":[],"jnews_social_meta":[],"jnews_override_counter":[],"jnews_post_split":[],"footnotes":""},"categories":[58],"tags":[82,65],"class_list":["post-14647","post","type-post","status-publish","format-standard","has-post-thumbnail","hentry","category-cabildo","tag-fuerteventura","tag-municipios"],"jetpack_featured_media_url":"https:\/\/informacionlocal.es\/wp-content\/uploads\/2025\/11\/erte.jpeg","_links":{"self":[{"href":"https:\/\/informacionlocal.es\/de\/wp-json\/wp\/v2\/posts\/14647","targetHints":{"allow":["GET"]}}],"collection":[{"href":"https:\/\/informacionlocal.es\/de\/wp-json\/wp\/v2\/posts"}],"about":[{"href":"https:\/\/informacionlocal.es\/de\/wp-json\/wp\/v2\/types\/post"}],"author":[{"embeddable":true,"href":"https:\/\/informacionlocal.es\/de\/wp-json\/wp\/v2\/users\/1"}],"replies":[{"embeddable":true,"href":"https:\/\/informacionlocal.es\/de\/wp-json\/wp\/v2\/comments?post=14647"}],"version-history":[{"count":0,"href":"https:\/\/informacionlocal.es\/de\/wp-json\/wp\/v2\/posts\/14647\/revisions"}],"wp:featuredmedia":[{"embeddable":true,"href":"https:\/\/informacionlocal.es\/de\/wp-json\/wp\/v2\/media\/14649"}],"wp:attachment":[{"href":"https:\/\/informacionlocal.es\/de\/wp-json\/wp\/v2\/media?parent=14647"}],"wp:term":[{"taxonomy":"category","embeddable":true,"href":"https:\/\/informacionlocal.es\/de\/wp-json\/wp\/v2\/categories?post=14647"},{"taxonomy":"post_tag","embeddable":true,"href":"https:\/\/informacionlocal.es\/de\/wp-json\/wp\/v2\/tags?post=14647"}],"curies":[{"name":"wp","href":"https:\/\/api.w.org\/{rel}","templated":true}]}}