{"id":14631,"date":"2025-11-27T13:58:29","date_gmt":"2025-11-27T13:58:29","guid":{"rendered":"https:\/\/informacionlocal.es\/pajara-presenta-ocho-nuevos-vehiculos-para-reforzar-los-servicios-municipales\/"},"modified":"2025-11-27T13:58:29","modified_gmt":"2025-11-27T13:58:29","slug":"pajara-presenta-ocho-nuevos-vehiculos-para-reforzar-los-servicios-municipales","status":"publish","type":"post","link":"https:\/\/informacionlocal.es\/de\/pajara-presenta-ocho-nuevos-vehiculos-para-reforzar-los-servicios-municipales\/","title":{"rendered":"P\u00e1jara presenta ocho nuevos veh\u00edculos para reforzar los servicios municipales\u00a0"},"content":{"rendered":"<div class=\"entry-content\">\n<p><b><i>Esta actuaci\u00f3n cuenta con una inversi\u00f3n de m\u00e1s de 330.000 euros, con el objetivo de mejorar la operatividad de los recursos p\u00fablicos del municipio<\/i><\/b><\/p>\n<p><span>El Ayuntamiento de P\u00e1jara present\u00f3 esta semana los ocho nuevos veh\u00edculos tipo furg\u00f3n adquiridos para mejorar la operatividad de distintos servicios municipales. La compra asciende a un importe de 336.943 euros.<\/span><\/p>\n<p><span>El concejal de Parque M\u00f3vil y teniente de alcalde, Alexis Alonso, puso en valor el trabajo que, desde su \u00e1rea, ha hecho posible la actuaci\u00f3n. \u201cLa Oficina T\u00e9cnica municipal ha realizado la documentaci\u00f3n t\u00e9cnica necesaria, analizando las necesidades de cada servicio para definir correctamente los veh\u00edculos que se deben adquirir. Este trabajo coordinado ha sido decisivo para sacar adelante el expediente y que los recursos p\u00fablicos se utilicen de forma eficiente\u201d, se\u00f1al\u00f3.<\/span><\/p>\n<p><span>Adem\u00e1s, subray\u00f3 que \u201cla capacidad del \u00e1rea para asumir este tipo de expedientes permite que el Ayuntamiento avance en tiempo y forma, evitando retrasos y asegurando que las inversiones lleguen donde deben llegar\u201d.<\/span><\/p>\n<p><span>El alcalde, Alejandro Jorge, incidi\u00f3 en que \u201cesta actuaci\u00f3n no solo est\u00e1 encaminada a dotar a la corporaci\u00f3n municipal de los veh\u00edculos que necesita, sino que trata de seguir apostando por la modernizaci\u00f3n y sostenibilidad del municipio\u201d.\u00a0<\/span><\/p>\n<p><span>Los nuevos veh\u00edculos se incorporar\u00e1n progresivamente a los departamentos que los hab\u00edan identificado como necesarios, reforzando su capacidad operativa.<\/span><\/p>\n<p><img decoding=\"async\" class=\"alignnone size-medium wp-image-21292\" src=\"https:\/\/informacionlocal.es\/wp-content\/uploads\/2025\/11\/vehiculos-pajara-6-300x162-1.jpg\" width=\"300\" height=\"162\" title=\"vehiculos-pajara-6-300x162-1\"><\/p>\n<\/div>\n","protected":false},"excerpt":{"rendered":"<p><i>Esta actuaci\u00f3n cuenta con una inversi\u00f3n de m\u00e1s de 330.000 euros, con el objetivo de mejorar la operatividad de los recursos p\u00fablicos del municipio<\/i><\/p>\n","protected":false},"author":1,"featured_media":14633,"comment_status":"open","ping_status":"open","sticky":false,"template":"","format":"standard","meta":{"inline_featured_image":false,"jnews-multi-image_gallery":[],"jnews_single_post":[],"jnews_primary_category":[],"jnews_social_meta":[],"jnews_override_counter":[],"jnews_post_split":[],"footnotes":""},"categories":[63],"tags":[],"class_list":["post-14631","post","type-post","status-publish","format-standard","has-post-thumbnail","hentry","category-pajara"],"jetpack_featured_media_url":"https:\/\/informacionlocal.es\/wp-content\/uploads\/2025\/11\/vehiculos-pajara-4.png","_links":{"self":[{"href":"https:\/\/informacionlocal.es\/de\/wp-json\/wp\/v2\/posts\/14631","targetHints":{"allow":["GET"]}}],"collection":[{"href":"https:\/\/informacionlocal.es\/de\/wp-json\/wp\/v2\/posts"}],"about":[{"href":"https:\/\/informacionlocal.es\/de\/wp-json\/wp\/v2\/types\/post"}],"author":[{"embeddable":true,"href":"https:\/\/informacionlocal.es\/de\/wp-json\/wp\/v2\/users\/1"}],"replies":[{"embeddable":true,"href":"https:\/\/informacionlocal.es\/de\/wp-json\/wp\/v2\/comments?post=14631"}],"version-history":[{"count":0,"href":"https:\/\/informacionlocal.es\/de\/wp-json\/wp\/v2\/posts\/14631\/revisions"}],"wp:featuredmedia":[{"embeddable":true,"href":"https:\/\/informacionlocal.es\/de\/wp-json\/wp\/v2\/media\/14633"}],"wp:attachment":[{"href":"https:\/\/informacionlocal.es\/de\/wp-json\/wp\/v2\/media?parent=14631"}],"wp:term":[{"taxonomy":"category","embeddable":true,"href":"https:\/\/informacionlocal.es\/de\/wp-json\/wp\/v2\/categories?post=14631"},{"taxonomy":"post_tag","embeddable":true,"href":"https:\/\/informacionlocal.es\/de\/wp-json\/wp\/v2\/tags?post=14631"}],"curies":[{"name":"wp","href":"https:\/\/api.w.org\/{rel}","templated":true}]}}