{"id":14613,"date":"2025-11-27T09:58:32","date_gmt":"2025-11-27T09:58:32","guid":{"rendered":"https:\/\/informacionlocal.es\/el-ayuntamiento-oferta-cinco-plazas-de-policia-local-de-antigua\/"},"modified":"2025-11-27T09:58:32","modified_gmt":"2025-11-27T09:58:32","slug":"el-ayuntamiento-oferta-cinco-plazas-de-policia-local-de-antigua","status":"publish","type":"post","link":"https:\/\/informacionlocal.es\/de\/el-ayuntamiento-oferta-cinco-plazas-de-policia-local-de-antigua\/","title":{"rendered":"El Ayuntamiento oferta cinco plazas de Polic\u00eda Local de Antigua"},"content":{"rendered":"<div class=\"elementor-widget-container\">\n<p><strong>El Ayuntamiento oferta cinco plazas de Polic\u00eda Local de Antigua<\/strong><\/p>\n<p><strong>\u2022 Publicadas las Bases y Pruebas selectivas en el marco de la Convocatoria unificada de ayuntamientos de Canarias. <\/strong><br \/><strong>\u2022 El plazo de presentaci\u00f3n de solicitudes y documentaci\u00f3n requerida seg\u00fan las Bases dispuestas en el BOE, finaliza el pr\u00f3ximo 5 de diciembre, inclusive.<\/strong><\/p>\n<p>En el objetivo de reforzar un cuerpo de seguridad, coordinaci\u00f3n y prevenci\u00f3n necesario en el Municipio de Antigua, como es la Polic\u00eda Local, se\u00f1ala el alcalde y responsable directo de este departamento, Mat\u00edas Pe\u00f1a Garc\u00eda, convocamos cinco plazas de polic\u00eda local, y en aras de la transparencia y equidad, lo hacemos por medio de la convocatoria anual unificada de la Comunidad Aut\u00f3noma para el ingreso de polic\u00edas locales en ayuntamientos de Canarias.<\/p>\n<p>El crecimiento poblacional del Municipio y una plantilla de agentes reducida por diferentes causas, necesita refuerzos y nuevos compa\u00f1eros o compa\u00f1eras que den continuidad a un servicio ejemplar de apoyo y respaldo a los vecinos y vecinas de Antigua, concluye el alcalde, Mat\u00edas Pe\u00f1a.<\/p>\n<p>As\u00ed las Bases y Convocatoria de las pruebas selectivas pueden consultarse en el Bolet\u00edn Oficial de Canarias\u00bb n\u00famero 215, de 30 de octubre de 2025, se\u00f1alando todos los requisitos que deben cumplir y la documentaci\u00f3n a presentar y donde.<\/p>\n<p>Mientras en el Bolet\u00edn Oficial del Estado, BOE N\u00fam. 268 de 7 de noviembre de 2025, se indican el pr\u00f3ximo 5 de diciembre como \u00faltimo d\u00eda de plazo para presentar las solicitudes.<\/p>\n<p>\u00a0<\/p>\n<\/div>\n","protected":false},"excerpt":{"rendered":"<p><strong>El Ayuntamiento oferta cinco plazas de Polic\u00eda Local de Antigua<\/strong><\/p>\n","protected":false},"author":1,"featured_media":14615,"comment_status":"open","ping_status":"open","sticky":false,"template":"","format":"standard","meta":{"inline_featured_image":false,"jnews-multi-image_gallery":[],"jnews_single_post":[],"jnews_primary_category":[],"jnews_social_meta":[],"jnews_override_counter":[],"jnews_post_split":[],"footnotes":""},"categories":[59],"tags":[],"class_list":["post-14613","post","type-post","status-publish","format-standard","has-post-thumbnail","hentry","category-antigua"],"jetpack_featured_media_url":"https:\/\/informacionlocal.es\/wp-content\/uploads\/2025\/11\/alcalde-junto-al-jefe-y-una-agente-de-la-policia-local-de-antigua-scaled-1.jpg","_links":{"self":[{"href":"https:\/\/informacionlocal.es\/de\/wp-json\/wp\/v2\/posts\/14613","targetHints":{"allow":["GET"]}}],"collection":[{"href":"https:\/\/informacionlocal.es\/de\/wp-json\/wp\/v2\/posts"}],"about":[{"href":"https:\/\/informacionlocal.es\/de\/wp-json\/wp\/v2\/types\/post"}],"author":[{"embeddable":true,"href":"https:\/\/informacionlocal.es\/de\/wp-json\/wp\/v2\/users\/1"}],"replies":[{"embeddable":true,"href":"https:\/\/informacionlocal.es\/de\/wp-json\/wp\/v2\/comments?post=14613"}],"version-history":[{"count":0,"href":"https:\/\/informacionlocal.es\/de\/wp-json\/wp\/v2\/posts\/14613\/revisions"}],"wp:featuredmedia":[{"embeddable":true,"href":"https:\/\/informacionlocal.es\/de\/wp-json\/wp\/v2\/media\/14615"}],"wp:attachment":[{"href":"https:\/\/informacionlocal.es\/de\/wp-json\/wp\/v2\/media?parent=14613"}],"wp:term":[{"taxonomy":"category","embeddable":true,"href":"https:\/\/informacionlocal.es\/de\/wp-json\/wp\/v2\/categories?post=14613"},{"taxonomy":"post_tag","embeddable":true,"href":"https:\/\/informacionlocal.es\/de\/wp-json\/wp\/v2\/tags?post=14613"}],"curies":[{"name":"wp","href":"https:\/\/api.w.org\/{rel}","templated":true}]}}