{"id":14607,"date":"2025-11-27T08:58:23","date_gmt":"2025-11-27T08:58:23","guid":{"rendered":"https:\/\/informacionlocal.es\/el-cabildo-inicia-su-proyecto-de-mayor-envergadura-para-el-estudio-y-conservacion-del-patrimonio-aborigen\/"},"modified":"2025-11-27T08:58:23","modified_gmt":"2025-11-27T08:58:23","slug":"el-cabildo-inicia-su-proyecto-de-mayor-envergadura-para-el-estudio-y-conservacion-del-patrimonio-aborigen","status":"publish","type":"post","link":"https:\/\/informacionlocal.es\/de\/el-cabildo-inicia-su-proyecto-de-mayor-envergadura-para-el-estudio-y-conservacion-del-patrimonio-aborigen\/","title":{"rendered":"El Cabildo inicia su proyecto de mayor envergadura para el estudio y conservaci\u00f3n del patrimonio aborigen"},"content":{"rendered":"<div class=\"entry-content\"><strong>27 noviembre, 2025<\/strong><\/p>\n<p><em><strong>Se trata del primer convenio espec\u00edfico que el Cabildo suscribe para la investigaci\u00f3n del patrimonio arqueol\u00f3gico aborigen, destinando 300.000 euros, con acciones que se desarrollar\u00e1n en colaboraci\u00f3n con la ULPGC<\/strong><\/em><\/p>\n<p>El Cabildo, a trav\u00e9s del \u00e1rea de Patrimonio<br \/>\nCultural, ha puesto en marcha un proyecto de gran envergadura para el estudio exhaustivo<br \/>\ny conservaci\u00f3n de yacimientos abor\u00edgenes en Fuerteventura. La Corporaci\u00f3n<br \/>\ninsular destina 300.000 euros a impulsar este proyecto, que se desarrollar\u00e1 a<br \/>\ntrav\u00e9s de un convenio con la Universidad de Las Palmas de Gran Canaria. <\/p>\n<p>Seg\u00fan ha destacado el consejero de Patrimonio<br \/>\nCultural, Rayco Le\u00f3n, se trata del primer convenio espec\u00edfico que el Cabildo<br \/>\nsuscribe para la investigaci\u00f3n del patrimonio arqueol\u00f3gico aborigen de<br \/>\nFuerteventura, con el objetivo de ampliar los conocimientos que se tienen sobre<br \/>\nlos diferentes yacimientos, con un periodo de vigencia de tres a\u00f1os. \u00a0Algunos de los yacimientos podr\u00edan arrojar<br \/>\nvestigios de ocupaci\u00f3n en otros periodos distintos a la \u00e9poca aborigen, lo que<br \/>\nhace a\u00fan m\u00e1s interesante el proyecto.<\/p>\n<p>Rayco Le\u00f3n explica que \u201ceste convenio es de<br \/>\nvital importancia, no s\u00f3lo para la investigaci\u00f3n arqueol\u00f3gica, sino tambi\u00e9n<br \/>\npara la conservaci\u00f3n a largo plazo de estos enclaves\u201d. <\/p>\n<p>El acuerdo permitir\u00e1 no solo investigar estos yacimientos, sino tambi\u00e9n analizar minuciosamente por especialistas su estado de conservaci\u00f3n y determinar las medidas exactas a ejecutar en cada caso frenando el deterioro y garantizando que el patrimonio perdure para las futuras generaciones. <\/p>\n<p>La ULPGC aporta al proyecto un equipo interdisciplinar que garantizar\u00e1 un conocimiento profundo de los yacimientos, abordando tanto su dimensi\u00f3n arqueol\u00f3gica como su contexto documental e hist\u00f3rico.<\/p>\n<p>Durante la primera anualidad, los trabajos se<br \/>\ncentran en fase de documentaci\u00f3n y an\u00e1lisis previo: recopilaci\u00f3n de informaci\u00f3n<br \/>\ndocumental y material, prospecciones arqueol\u00f3gicas en las zonas de estudio,<br \/>\nevaluaci\u00f3n de estados de conservaci\u00f3n, etc. Con esta informaci\u00f3n detallada, la<br \/>\nfase de excavaciones arqueol\u00f3gicas comenzar\u00e1 el pr\u00f3ximo a\u00f1o, 2026.<\/p>\n<p>El consejero insular resalta la divulgaci\u00f3n y<br \/>\nparticipaci\u00f3n ciudadana como un pilar b\u00e1sico de este convenio. Todo el proceso<br \/>\nde trabajo, desde sus inicios, ser\u00e1 documentado y difundido. De esta forma, se<br \/>\ncumple una doble funci\u00f3n esencial: la investigaci\u00f3n cient\u00edfica y la de difusi\u00f3n<br \/>\ny concienciaci\u00f3n patrimonial, haciendo part\u00edcipe a la ciudadan\u00eda de cada paso<br \/>\nde este estudio crucial para la historia de Fuerteventura.<\/p>\n<\/div>\n","protected":false},"excerpt":{"rendered":"<p>27 noviembre, 2025 Se trata del primer convenio espec\u00edfico que el Cabildo suscribe para la investigaci\u00f3n del patrimonio arqueol\u00f3gico aborigen, destinando 300.000 euros, con acciones que se desarrollar\u00e1n en colaboraci\u00f3n [&hellip;]<\/p>\n","protected":false},"author":1,"featured_media":14609,"comment_status":"open","ping_status":"open","sticky":false,"template":"","format":"standard","meta":{"inline_featured_image":false,"jnews-multi-image_gallery":[],"jnews_single_post":[],"jnews_primary_category":[],"jnews_social_meta":[],"jnews_override_counter":[],"jnews_post_split":[],"footnotes":""},"categories":[58],"tags":[82],"class_list":["post-14607","post","type-post","status-publish","format-standard","has-post-thumbnail","hentry","category-cabildo","tag-fuerteventura"],"jetpack_featured_media_url":"https:\/\/informacionlocal.es\/wp-content\/uploads\/2025\/11\/yacimientos-estudio.jpeg","_links":{"self":[{"href":"https:\/\/informacionlocal.es\/de\/wp-json\/wp\/v2\/posts\/14607","targetHints":{"allow":["GET"]}}],"collection":[{"href":"https:\/\/informacionlocal.es\/de\/wp-json\/wp\/v2\/posts"}],"about":[{"href":"https:\/\/informacionlocal.es\/de\/wp-json\/wp\/v2\/types\/post"}],"author":[{"embeddable":true,"href":"https:\/\/informacionlocal.es\/de\/wp-json\/wp\/v2\/users\/1"}],"replies":[{"embeddable":true,"href":"https:\/\/informacionlocal.es\/de\/wp-json\/wp\/v2\/comments?post=14607"}],"version-history":[{"count":0,"href":"https:\/\/informacionlocal.es\/de\/wp-json\/wp\/v2\/posts\/14607\/revisions"}],"wp:featuredmedia":[{"embeddable":true,"href":"https:\/\/informacionlocal.es\/de\/wp-json\/wp\/v2\/media\/14609"}],"wp:attachment":[{"href":"https:\/\/informacionlocal.es\/de\/wp-json\/wp\/v2\/media?parent=14607"}],"wp:term":[{"taxonomy":"category","embeddable":true,"href":"https:\/\/informacionlocal.es\/de\/wp-json\/wp\/v2\/categories?post=14607"},{"taxonomy":"post_tag","embeddable":true,"href":"https:\/\/informacionlocal.es\/de\/wp-json\/wp\/v2\/tags?post=14607"}],"curies":[{"name":"wp","href":"https:\/\/api.w.org\/{rel}","templated":true}]}}