{"id":14601,"date":"2025-11-27T00:58:23","date_gmt":"2025-11-27T00:58:23","guid":{"rendered":"https:\/\/informacionlocal.es\/intensa-actividad-del-cai-ciudades-amigas-de-la-infancia-en-puerto-del-rosario\/"},"modified":"2025-11-27T00:58:23","modified_gmt":"2025-11-27T00:58:23","slug":"intensa-actividad-del-cai-ciudades-amigas-de-la-infancia-en-puerto-del-rosario","status":"publish","type":"post","link":"https:\/\/informacionlocal.es\/de\/intensa-actividad-del-cai-ciudades-amigas-de-la-infancia-en-puerto-del-rosario\/","title":{"rendered":"Intensa actividad del CAI ( Ciudades Amigas de la Infancia ) en Puerto del Rosario"},"content":{"rendered":"<div class=\"entry-content\">\n<p>Recientemente, ten\u00eda lugar una nueva sesi\u00f3n Plenaria del Consejo de la infancia y la adolescencia, un espacio de debate entre la infancia y adolescencia y dirigentes p\u00fablicos a fin de consensuar estrategias y l\u00edneas de actuaci\u00f3n en pro de su bienestar.<\/p>\n<p>Los puntos a tratar y los acuerdos alcanzados fueron:<\/p>\n<p><strong>1.- Rendici\u00f3n de cuentas del a\u00f1o 2025, acuerdos que procedan.<\/strong> Se manifestaron las diferentes acciones realizadas en el a\u00f1o haciendo hincapi\u00e9 en la posibilidad de seguir aumentando el reto para donar a la asociaci\u00f3n espa\u00f1ola contra el c\u00e1ncer los 4.000 \u20ac que el grupo de chicos y chicas pretende llegar, actualmente se han recaudado 1.800 \u20ac.<\/p>\n<p><strong>2.- Simposium con mirada de infancia y adolescencia, acuerdos que\u00a0 procedan.<\/strong> El deseo de tambi\u00e9n participar en acciones culturales ha hecho que el grupo CAI consiga que el pr\u00f3ximo Simposium de 2026 tenga una tem\u00e1tica concreta, que los artistas asisten creen obras enfocadas en la tem\u00e1tica de la infancia y la adolescencia.<\/p>\n<p><strong>\u00a0 3.- Proyecto participativo con la concejal\u00eda de Turismo, acuerdos que procedan, <\/strong>el grupo adolescente ha planteado un proyecto denominado \u201c Te presento mi hogar\u201d enfocado a los estudiantes de secundaria de los diferentes institutos en el que puedan ser por un d\u00eda gu\u00edas tur\u00edsticos de los cruceristas que a diario abordan el municipio, con el fin de practicar la lengua oral en otro idioma y puedan conocer m\u00e1s en profundidad la idiosincrasia del lugar en el que residen.<\/p>\n<p><strong>\u00a0<\/strong><strong>4.- 20 de Noviembre, D\u00eda de la Infancia, acuerdos que procedan<\/strong>. El 20 de noviembre de 1989 se firmo el documento m\u00e1s ratificado de la historia, es por ello que se han realizado numerosas acciones enfocadas en este d\u00eda. Adem\u00e1s se ha planteado las conclusiones de una propuesta por parte de UNICEF sobre el maltrato y abuso.<\/p>\n<p><strong>5.- Participaci\u00f3n CEIP Casillas del \u00c1ngel, acuerdos que procedan.<\/strong> El alumnado del centro ha asistido tras una jornada enfocada a la participaci\u00f3n y al an\u00e1lisis de problemas o retos en el centro y sus alrededores y planteando propuestas de mejoras que han sido escuchadas en el pleno.<\/p>\n<p><strong>6.- <\/strong><strong>Ruegos y preguntas.<\/strong><\/p>\n<p>El alcalde, David de Vera manifestaba \u201csu gratitud y confianza en c\u00f3mo pleno tras pleno la infancia y la adolescencia va tomado cada vez m\u00e1s protagonismo y en el que las decisiones y acuerdos que se alcanzan gracias a la Ciudad Amiga de la Infancia son cada vez m\u00e1s trascendentales\u201d.<\/p>\n<p>Miembros del CAI participaban tambi\u00e9n, de forma destacada, en el pleno celebrado el pasado lunes, 24 de noviembre, en las dependencias municipales.<\/p>\n<\/div>\n","protected":false},"excerpt":{"rendered":"<p>Recientemente, ten\u00eda lugar una nueva sesi\u00f3n Plenaria del Consejo de la infancia y la adolescencia, un espacio de debate entre la infancia y adolescencia y dirigentes p\u00fablicos a fin de [&hellip;]<\/p>\n","protected":false},"author":1,"featured_media":14603,"comment_status":"open","ping_status":"open","sticky":false,"template":"","format":"standard","meta":{"inline_featured_image":false,"jnews-multi-image_gallery":[],"jnews_single_post":[],"jnews_primary_category":[],"jnews_social_meta":[],"jnews_override_counter":[],"jnews_post_split":[],"footnotes":""},"categories":[61],"tags":[],"class_list":["post-14601","post","type-post","status-publish","format-standard","has-post-thumbnail","hentry","category-puerto-del-rosario"],"jetpack_featured_media_url":"https:\/\/informacionlocal.es\/wp-content\/uploads\/2025\/11\/cai-t-1-1125-pleno-salon-y-publico.png","_links":{"self":[{"href":"https:\/\/informacionlocal.es\/de\/wp-json\/wp\/v2\/posts\/14601","targetHints":{"allow":["GET"]}}],"collection":[{"href":"https:\/\/informacionlocal.es\/de\/wp-json\/wp\/v2\/posts"}],"about":[{"href":"https:\/\/informacionlocal.es\/de\/wp-json\/wp\/v2\/types\/post"}],"author":[{"embeddable":true,"href":"https:\/\/informacionlocal.es\/de\/wp-json\/wp\/v2\/users\/1"}],"replies":[{"embeddable":true,"href":"https:\/\/informacionlocal.es\/de\/wp-json\/wp\/v2\/comments?post=14601"}],"version-history":[{"count":0,"href":"https:\/\/informacionlocal.es\/de\/wp-json\/wp\/v2\/posts\/14601\/revisions"}],"wp:featuredmedia":[{"embeddable":true,"href":"https:\/\/informacionlocal.es\/de\/wp-json\/wp\/v2\/media\/14603"}],"wp:attachment":[{"href":"https:\/\/informacionlocal.es\/de\/wp-json\/wp\/v2\/media?parent=14601"}],"wp:term":[{"taxonomy":"category","embeddable":true,"href":"https:\/\/informacionlocal.es\/de\/wp-json\/wp\/v2\/categories?post=14601"},{"taxonomy":"post_tag","embeddable":true,"href":"https:\/\/informacionlocal.es\/de\/wp-json\/wp\/v2\/tags?post=14601"}],"curies":[{"name":"wp","href":"https:\/\/api.w.org\/{rel}","templated":true}]}}