{"id":14595,"date":"2025-11-26T19:58:38","date_gmt":"2025-11-26T19:58:38","guid":{"rendered":"https:\/\/informacionlocal.es\/el-ayuntamiento-de-pajara-felicita-al-equipo-gemera-por-su-su-triunfo-en-la-44cup-marina-jandia\/"},"modified":"2025-11-26T19:58:38","modified_gmt":"2025-11-26T19:58:38","slug":"el-ayuntamiento-de-pajara-felicita-al-equipo-gemera-por-su-su-triunfo-en-la-44cup-marina-jandia","status":"publish","type":"post","link":"https:\/\/informacionlocal.es\/de\/el-ayuntamiento-de-pajara-felicita-al-equipo-gemera-por-su-su-triunfo-en-la-44cup-marina-jandia\/","title":{"rendered":"El Ayuntamiento de P\u00e1jara felicita al equipo Gemera por su su triunfo en la 44Cup Marina Jand\u00eda\u00a0"},"content":{"rendered":"<div class=\"entry-content\">\n<p><b><i>Los profesionales lograron tres victorias consecutivas en la \u00faltima jornada, consolidando su posici\u00f3n en este tipo de competiciones\u00a0<\/i><\/b><\/p>\n<p><b><i>El evento se ha afianzado como todo un referente en Canarias en competiciones n\u00e1uticas<\/i><\/b><\/p>\n<p><span>El Ayuntamiento de P\u00e1jara reconoce el trabajo y dedicaci\u00f3n del equipo Gemera tras proclamarse como campe\u00f3n en la nueva edici\u00f3n de la 44Cup Marina Jand\u00eda. El grupo de profesionales logr\u00f3 alzarse con tres victorias consecutivas en la \u00faltima jornada, consolidando su posici\u00f3n en la competici\u00f3n.<\/span><\/p>\n<p><span>El concejal de Deportes, Jos\u00e9 Benito Alonso, felicit\u00f3 al equipo ganador por demostrar el talento y la disciplina que existe en el municipio. Asimismo, destac\u00f3 la actuaci\u00f3n del Team Nika, que se alz\u00f3 como campe\u00f3n del circuito 2025, convirti\u00e9ndose en uno de los equipos m\u00e1s resistentes de la clase RC44.<\/span><\/p>\n<p><span>Por su parte, la concejala de Turismo de P\u00e1jara, Tina Da Silva, incide en que este tipo de prueba deportiva n\u00e1utica se ha afianzado como todo un referente en Canarias, \u201ctanto desde el punto de vista deportivo como por su impacto en la promoci\u00f3n tur\u00edstica de la isla\u201d.<\/span><\/p>\n<p><span>El alcalde, Alejandro Jorge, incidi\u00f3 en la capacidad que tiene la isla de Fuerteventura, sobre todo en la costa del municipio, para albergar competiciones de \u00edndole nacional e internacional, demostrando unas condiciones \u00f3ptimas y estables para practicar esta disciplina deportiva.<\/span><\/p>\n<p><span>La 44Cup Marina Jand\u00eda ha estado organizada por Calero Marinas en cooperaci\u00f3n con Puertos Canarios y el patrocinio de Islas Canarias, el Cabildo de Fuerteventura, el Patronato de Turismo de Fuerteventura, el Ayuntamiento de P\u00e1jara, a trav\u00e9s de sus \u00e1reas de Deportes y Turismo, y las empresas privadas R2 Hoteles y Cicar.<\/span><\/p>\n<\/div>\n","protected":false},"excerpt":{"rendered":"<p><i>Los profesionales lograron tres victorias consecutivas en la \u00faltima jornada, consolidando su posici\u00f3n en este tipo de competiciones\u00a0<\/i><\/p>\n","protected":false},"author":1,"featured_media":14597,"comment_status":"open","ping_status":"open","sticky":false,"template":"","format":"standard","meta":{"inline_featured_image":false,"jnews-multi-image_gallery":[],"jnews_single_post":[],"jnews_primary_category":[],"jnews_social_meta":[],"jnews_override_counter":[],"jnews_post_split":[],"footnotes":""},"categories":[63],"tags":[82],"class_list":["post-14595","post","type-post","status-publish","format-standard","has-post-thumbnail","hentry","category-pajara","tag-fuerteventura"],"jetpack_featured_media_url":"https:\/\/informacionlocal.es\/wp-content\/uploads\/2025\/11\/imagen-de-whatsapp-2025-11-25-a-las-10-01-59_b34609d1.jpg","_links":{"self":[{"href":"https:\/\/informacionlocal.es\/de\/wp-json\/wp\/v2\/posts\/14595","targetHints":{"allow":["GET"]}}],"collection":[{"href":"https:\/\/informacionlocal.es\/de\/wp-json\/wp\/v2\/posts"}],"about":[{"href":"https:\/\/informacionlocal.es\/de\/wp-json\/wp\/v2\/types\/post"}],"author":[{"embeddable":true,"href":"https:\/\/informacionlocal.es\/de\/wp-json\/wp\/v2\/users\/1"}],"replies":[{"embeddable":true,"href":"https:\/\/informacionlocal.es\/de\/wp-json\/wp\/v2\/comments?post=14595"}],"version-history":[{"count":0,"href":"https:\/\/informacionlocal.es\/de\/wp-json\/wp\/v2\/posts\/14595\/revisions"}],"wp:featuredmedia":[{"embeddable":true,"href":"https:\/\/informacionlocal.es\/de\/wp-json\/wp\/v2\/media\/14597"}],"wp:attachment":[{"href":"https:\/\/informacionlocal.es\/de\/wp-json\/wp\/v2\/media?parent=14595"}],"wp:term":[{"taxonomy":"category","embeddable":true,"href":"https:\/\/informacionlocal.es\/de\/wp-json\/wp\/v2\/categories?post=14595"},{"taxonomy":"post_tag","embeddable":true,"href":"https:\/\/informacionlocal.es\/de\/wp-json\/wp\/v2\/tags?post=14595"}],"curies":[{"name":"wp","href":"https:\/\/api.w.org\/{rel}","templated":true}]}}