{"id":14541,"date":"2025-11-25T22:58:58","date_gmt":"2025-11-25T22:58:58","guid":{"rendered":"https:\/\/informacionlocal.es\/puerto-del-rosario-activa-una-formacion-esencial-para-acceder-a-bonificaciones-del-30-para-residentes-y-del-20-para-comercios\/"},"modified":"2025-11-25T22:58:58","modified_gmt":"2025-11-25T22:58:58","slug":"puerto-del-rosario-activa-una-formacion-esencial-para-acceder-a-bonificaciones-del-30-para-residentes-y-del-20-para-comercios","status":"publish","type":"post","link":"https:\/\/informacionlocal.es\/de\/puerto-del-rosario-activa-una-formacion-esencial-para-acceder-a-bonificaciones-del-30-para-residentes-y-del-20-para-comercios\/","title":{"rendered":"Puerto del Rosario activa una formaci\u00f3n esencial para acceder a bonificaciones del 30% para residentes y del 20% para comercios"},"content":{"rendered":"<div class=\"entry-content\">\n<p>La concejal\u00eda de Econom\u00eda y Hacienda del ayuntamiento de Puerto del Rosario ofrece la \u201cFORMACI\u00d3N DE SENSIBILIZACI\u00d3N, RECICLAJE, GESTI\u00d3N DE RESIDUOS Y ECONOM\u00cdA CIRCULAR\u201d.<\/p>\n<p>Completar satisfactoriamente esta formaci\u00f3n te permite Bonificar el 30% Residentes y 20% Comercios.<\/p>\n<p>Modalidades Flexibles para tu Comodidad:<\/p>\n<p>Formaci\u00f3n Presencial: Ser\u00e1 una sesi\u00f3n de 3 horas v\u00e1lida s\u00f3lo con la presencia. Empiezan este martes 25 de noviembre. Y habr\u00e1 sesiones por todo el municipio. As\u00ed que mejor no dejarlo para el final.<\/p>\n<p>Formaci\u00f3n Online: Tendr\u00e1 una duraci\u00f3n de 2 horas y 30 minutos y requiere superar un test de 20 preguntas con al menos el 50% de aciertos.<\/p>\n<ul>\n<li>(Tambi\u00e9n existe una formaci\u00f3n espec\u00edfica de 30 minutos destinada a restauraci\u00f3n, comercios e industria).<\/li>\n<\/ul>\n<p>Inscripciones:<\/p>\n<ul>\n<li>Online: A trav\u00e9s del formulario: <strong>https:\/\/forms.gle\/fc2xRXvtRD74moWx5<\/strong><\/li>\n<li>Presencial: En el Centro de Formaci\u00f3n Tamonante Educa, sito en C\/ Alcaldes Mayores, 53 (Majada Marcial \u2013 Puerto del Rosario), de lunes a viernes, de 09:00 a 14:00 h.<\/li>\n<\/ul>\n<p>Tienes m\u00e1s informaci\u00f3n en la web <strong>https:\/\/tamonanteformacion.es\/<\/strong><\/p>\n<p>\u00a1F\u00f3rmate, recicla y reduce el costo de tu tasa de residuos!<strong>\u00a0<\/strong><\/p>\n<p>El Ayuntamiento facilita cursos presenciales y online para mejorar la gesti\u00f3n de residuos y promover la econom\u00eda circular, la nueva Formaci\u00f3n de Sensibilizaci\u00f3n, Reciclaje, Gesti\u00f3n de Residuos y Econom\u00eda Circular, requisito imprescindible para que la ciudadan\u00eda y el tejido comercial puedan acceder a las bonificaciones previstas en la Tasa de Gesti\u00f3n de Residuos: un 30% para residentes y un 20% para comercios.<\/p>\n<p>El Ayuntamiento, impulsa esta iniciativa con el fin de mejorar las pr\u00e1cticas de gesti\u00f3n de residuos y reforzar la sensibilizaci\u00f3n ambiental en todo el municipio.<\/p>\n<p>El <strong>alcalde, David de Vera,<\/strong> destaca que esta acci\u00f3n \u201cnos permite acercar la educaci\u00f3n ambiental a todos los barrios y localidades, facilitando que cada vecino pueda formarse sin necesidad de grandes desplazamientos\u201d, y recalca que \u201cponer la formaci\u00f3n al alcance de toda la poblaci\u00f3n es esencial para seguir avanzando hacia un Puerto del Rosario m\u00e1s limpio y comprometido con su entorno\u201d.<\/p>\n<p>La formaci\u00f3n presencial se ha planificado con 20 sesiones impartidas en distintos pueblos del municipio, lo que permite que cada persona interesada pueda inscribirse \u00fanicamente en una sesi\u00f3n de 3 horas y sin evaluaci\u00f3n. El objetivo es que los vecinos y vecinas dispongan de opciones cercanas a sus domicilios y puedan elegir la fecha y el lugar que les resulte m\u00e1s c\u00f3modo. Adem\u00e1s, habr\u00e1 dos sesiones adicionales en el Centro de Formaci\u00f3n Tamonante Educa para quienes necesiten horarios alternativos.<\/p>\n<p>En paralelo, est\u00e1 disponible la modalidad online, activa del 20 de noviembre al 16 de diciembre de 2025, que permite acceder a los contenidos en cualquier momento del d\u00eda. Esta opci\u00f3n incluye una prueba tipo test final y resulta especialmente \u00fatil para quienes requieren una mayor flexibilidad.<\/p>\n<p>El <strong>concejal de Econom\u00eda y Hacienda, Juan Manuel Verdugo,<\/strong> subraya que esta formaci\u00f3n \u201cno solo es un requisito para optar a las bonificaciones municipales, sino una oportunidad para que la ciudadan\u00eda conozca mejor c\u00f3mo reducir, separar y gestionar los residuos en su d\u00eda a d\u00eda\u201d. A\u00f1ade adem\u00e1s que \u201cla econom\u00eda circular es un eje fundamental de nuestra pol\u00edtica fiscal y ambiental, y por eso impulsamos herramientas que ayuden a integrar estos h\u00e1bitos en hogares y empresas\u201d.<\/p>\n<p>\u00a0<\/p>\n<\/div>\n","protected":false},"excerpt":{"rendered":"<p>La concejal\u00eda de Econom\u00eda y Hacienda del ayuntamiento de Puerto del Rosario ofrece la \u201cFORMACI\u00d3N DE SENSIBILIZACI\u00d3N, RECICLAJE, GESTI\u00d3N DE RESIDUOS Y ECONOM\u00cdA CIRCULAR\u201d. Completar satisfactoriamente esta formaci\u00f3n te permite [&hellip;]<\/p>\n","protected":false},"author":1,"featured_media":14543,"comment_status":"open","ping_status":"open","sticky":false,"template":"","format":"standard","meta":{"inline_featured_image":false,"jnews-multi-image_gallery":[],"jnews_single_post":[],"jnews_primary_category":[],"jnews_social_meta":[],"jnews_override_counter":[],"jnews_post_split":[],"footnotes":""},"categories":[61],"tags":[73],"class_list":["post-14541","post","type-post","status-publish","format-standard","has-post-thumbnail","hentry","category-puerto-del-rosario","tag-educacion"],"jetpack_featured_media_url":"https:\/\/informacionlocal.es\/wp-content\/uploads\/2025\/11\/reciclaje-cartel-1125.jpg","_links":{"self":[{"href":"https:\/\/informacionlocal.es\/de\/wp-json\/wp\/v2\/posts\/14541","targetHints":{"allow":["GET"]}}],"collection":[{"href":"https:\/\/informacionlocal.es\/de\/wp-json\/wp\/v2\/posts"}],"about":[{"href":"https:\/\/informacionlocal.es\/de\/wp-json\/wp\/v2\/types\/post"}],"author":[{"embeddable":true,"href":"https:\/\/informacionlocal.es\/de\/wp-json\/wp\/v2\/users\/1"}],"replies":[{"embeddable":true,"href":"https:\/\/informacionlocal.es\/de\/wp-json\/wp\/v2\/comments?post=14541"}],"version-history":[{"count":0,"href":"https:\/\/informacionlocal.es\/de\/wp-json\/wp\/v2\/posts\/14541\/revisions"}],"wp:featuredmedia":[{"embeddable":true,"href":"https:\/\/informacionlocal.es\/de\/wp-json\/wp\/v2\/media\/14543"}],"wp:attachment":[{"href":"https:\/\/informacionlocal.es\/de\/wp-json\/wp\/v2\/media?parent=14541"}],"wp:term":[{"taxonomy":"category","embeddable":true,"href":"https:\/\/informacionlocal.es\/de\/wp-json\/wp\/v2\/categories?post=14541"},{"taxonomy":"post_tag","embeddable":true,"href":"https:\/\/informacionlocal.es\/de\/wp-json\/wp\/v2\/tags?post=14541"}],"curies":[{"name":"wp","href":"https:\/\/api.w.org\/{rel}","templated":true}]}}