{"id":14511,"date":"2025-11-25T16:58:27","date_gmt":"2025-11-25T16:58:27","guid":{"rendered":"https:\/\/informacionlocal.es\/cabildo-y-camara-de-comercio-impulsan-el-emprendimiento-con-la-ventanilla-unica-empresarial\/"},"modified":"2025-11-25T16:58:27","modified_gmt":"2025-11-25T16:58:27","slug":"cabildo-y-camara-de-comercio-impulsan-el-emprendimiento-con-la-ventanilla-unica-empresarial","status":"publish","type":"post","link":"https:\/\/informacionlocal.es\/de\/cabildo-y-camara-de-comercio-impulsan-el-emprendimiento-con-la-ventanilla-unica-empresarial\/","title":{"rendered":"Cabildo y C\u00e1mara de Comercio impulsan el emprendimiento con la Ventanilla \u00fanica Empresarial"},"content":{"rendered":"<div class=\"entry-content\"><strong>25 noviembre, 2025<\/strong><\/p>\n<p>El Cabildo y la C\u00e1mara de Comercio de Fuerteventura han firmado el<br \/>\nconvenio de colaboraci\u00f3n para la consolidaci\u00f3n y prestaci\u00f3n del servicio de<br \/>\nVentanilla \u00danica Empresarial (VUE), un punto integral de atenci\u00f3n que<br \/>\ncentraliza y agiliza los tr\u00e1mites necesarios para la puesta en marcha de iniciativas<br \/>\nemprendedoras en la isla. <\/p>\n<p>El convenio fue suscrito entre la consejera de Hacienda y<br \/>\nPromoci\u00f3n Econ\u00f3mica, Nuria Cabrera, y el presidente de la C\u00e1mara de Comercio,<br \/>\nJuan Jes\u00fas Rodr\u00edguez Marichal. <\/p>\n<p>Nuria Cabrera, se\u00f1ala que \u201ces fundamental mantener la colaboraci\u00f3n<br \/>\nentre Cabildo y C\u00e1mara de Comercio, a trav\u00e9s de este convenio, para que cualquier<br \/>\npersona que quiera emprender en la isla encuentre apoyo y acompa\u00f1amiento desde<br \/>\nel primer momento, atrayendo as\u00ed el talento e inversi\u00f3n\u201d.<\/p>\n<p>Para Juan Jes\u00fas Rodr\u00edguez Marichal, es importante la atenci\u00f3n<br \/>\neficiente a las personas emprendedoras, simplificando procedimientos y<br \/>\nfavoreciendo un entorno adecuado para el desarrollo de la actividad econ\u00f3mica<br \/>\ninsular. <\/p>\n<p>La Ventanilla \u00danica Empresarial ofrece asesoramiento<br \/>\npersonalizado, apoyo en la elaboraci\u00f3n de proyectos, orientaci\u00f3n jur\u00eddica y<br \/>\nadministrativa, y agiliza de manera significativa los tr\u00e1mites para la creaci\u00f3n<br \/>\nde nuevas empresas. <\/p>\n<p>La financiaci\u00f3n forma parte del programa FDCAN.<\/p>\n<p>El convenio contempla, adem\u00e1s, la mejora de la eficiencia<br \/>\noperativa, el impulso del emprendimiento local, el fomento de la competitividad<br \/>\ny la atracci\u00f3n de inversiones para Fuerteventura.<\/p>\n<\/div>\n","protected":false},"excerpt":{"rendered":"<p>25 noviembre, 2025 El Cabildo y la C\u00e1mara de Comercio de Fuerteventura han firmado el convenio de colaboraci\u00f3n para la consolidaci\u00f3n y prestaci\u00f3n del servicio de Ventanilla \u00danica Empresarial (VUE), [&hellip;]<\/p>\n","protected":false},"author":1,"featured_media":14513,"comment_status":"open","ping_status":"open","sticky":false,"template":"","format":"standard","meta":{"inline_featured_image":false,"jnews-multi-image_gallery":[],"jnews_single_post":[],"jnews_primary_category":[],"jnews_social_meta":[],"jnews_override_counter":[],"jnews_post_split":[],"footnotes":""},"categories":[58],"tags":[82,67],"class_list":["post-14511","post","type-post","status-publish","format-standard","has-post-thumbnail","hentry","category-cabildo","tag-fuerteventura","tag-tramites"],"jetpack_featured_media_url":"https:\/\/informacionlocal.es\/wp-content\/uploads\/2025\/11\/convenio-vue.jpeg","_links":{"self":[{"href":"https:\/\/informacionlocal.es\/de\/wp-json\/wp\/v2\/posts\/14511","targetHints":{"allow":["GET"]}}],"collection":[{"href":"https:\/\/informacionlocal.es\/de\/wp-json\/wp\/v2\/posts"}],"about":[{"href":"https:\/\/informacionlocal.es\/de\/wp-json\/wp\/v2\/types\/post"}],"author":[{"embeddable":true,"href":"https:\/\/informacionlocal.es\/de\/wp-json\/wp\/v2\/users\/1"}],"replies":[{"embeddable":true,"href":"https:\/\/informacionlocal.es\/de\/wp-json\/wp\/v2\/comments?post=14511"}],"version-history":[{"count":0,"href":"https:\/\/informacionlocal.es\/de\/wp-json\/wp\/v2\/posts\/14511\/revisions"}],"wp:featuredmedia":[{"embeddable":true,"href":"https:\/\/informacionlocal.es\/de\/wp-json\/wp\/v2\/media\/14513"}],"wp:attachment":[{"href":"https:\/\/informacionlocal.es\/de\/wp-json\/wp\/v2\/media?parent=14511"}],"wp:term":[{"taxonomy":"category","embeddable":true,"href":"https:\/\/informacionlocal.es\/de\/wp-json\/wp\/v2\/categories?post=14511"},{"taxonomy":"post_tag","embeddable":true,"href":"https:\/\/informacionlocal.es\/de\/wp-json\/wp\/v2\/tags?post=14511"}],"curies":[{"name":"wp","href":"https:\/\/api.w.org\/{rel}","templated":true}]}}