{"id":14487,"date":"2025-11-25T12:58:24","date_gmt":"2025-11-25T12:58:24","guid":{"rendered":"https:\/\/informacionlocal.es\/pajara-inicia-la-fase-i-del-proyecto-de-gestion-sostenible-de-residuos-organicos-en-los-colegios\/"},"modified":"2025-11-25T12:58:24","modified_gmt":"2025-11-25T12:58:24","slug":"pajara-inicia-la-fase-i-del-proyecto-de-gestion-sostenible-de-residuos-organicos-en-los-colegios","status":"publish","type":"post","link":"https:\/\/informacionlocal.es\/de\/pajara-inicia-la-fase-i-del-proyecto-de-gestion-sostenible-de-residuos-organicos-en-los-colegios\/","title":{"rendered":"P\u00e1jara inicia la Fase I del proyecto de gesti\u00f3n sostenible de residuos org\u00e1nicos en los colegios"},"content":{"rendered":"<div class=\"entry-content\">\n<p><b><i>Estas actuaciones se han llevado a cabo gracias a los fondos del Plan de Sostenibilidad Tur\u00edstica en Destinos (PSTD)<\/i><\/b><\/p>\n<p><span>El Ayuntamiento de P\u00e1jara ha iniciado la Fase I del proyecto municipal para la gesti\u00f3n sostenible de residuos org\u00e1nicos, financiado a trav\u00e9s del Plan de Sostenibilidad Tur\u00edstica en Destinos (PSTD). Esta primera actuaci\u00f3n se desarrolla en los centros educativos del municipio y sit\u00faa a la comunidad escolar en el centro del avance hacia un modelo real de econom\u00eda circular.<\/span><\/p>\n<p><span>El proyecto ha sido aprobado e implantado desde la Oficina T\u00e9cnica municipal, que tambi\u00e9n gestiona los encargos al medio propio Gesplan y asume la direcci\u00f3n t\u00e9cnica de las actuaciones. La iniciativa se enmarca en los Objetivos de Desarrollo Sostenible 12 (Producci\u00f3n y consumo responsables) y 13 (Acci\u00f3n por el clima), y est\u00e1 concebida para ser replicable en otros n\u00facleos del municipio.<\/span><\/p>\n<p><span>La concejala de Turismo y promotora del PSTD, Tina Da Silva, subray\u00f3 que \u201ceste proyecto evidencia el impacto real que puede tener el Plan de Sostenibilidad Tur\u00edstica cuando se orienta a mejorar la vida diaria de la ciudadan\u00eda, especialmente en \u00e1mbitos como la educaci\u00f3n y el entorno escolar\u201d.<\/span><\/p>\n<p><span>El concejal de Urbanismo y primer teniente alcalde, Alexis Alonso, destac\u00f3 la importancia del trabajo desarrollado desde su \u00e1rea para garantizar la ejecuci\u00f3n del proyecto. \u201cDesde el \u00e1rea de Urbanismo, y especialmente desde la Oficina T\u00e9cnica municipal, se ha hecho posible la implantaci\u00f3n y coordinaci\u00f3n de esta actuaci\u00f3n. Gracias a ese trabajo se garantiza la ejecuci\u00f3n del mismo evitando la p\u00e9rdida de los recursos del Plan de Sostenibilidad Tur\u00edstica y asegurando que parte de estos fondos se apliquen directamente a mejoras en los centros educativos\u201d, se\u00f1al\u00f3.<\/span><\/p>\n<p><span>El alcalde, Alejandro Jorge, valor\u00f3 la importancia institucional de la actuaci\u00f3n. \u201cLa puesta en marcha de este proyecto reafirma el compromiso del Ayuntamiento de P\u00e1jara con una gesti\u00f3n p\u00fablica sostenible, responsable y orientada al bienestar del conjunto del municipio\u201d, indic\u00f3.<\/span><\/p>\n<p><span>En esta fase inicial se instalar\u00e1n cinco zonas de compostaje colaborativo en centros educativos o espacios comunitarios, destinadas a gestionar biorresiduos locales, procedentes sobre todo de comedores escolares y restos vegetales de huertos y jardines, y a producir compost que se emplear\u00e1 como abono ecol\u00f3gico en jardines p\u00fablicos, parques y huertos escolares o municipales.<\/span><\/p>\n<p><span>El Ayuntamiento de P\u00e1jara contin\u00faa as\u00ed avanzando en la incorporaci\u00f3n de criterios de sostenibilidad en todas las \u00e1reas municipales, empezando por los centros educativos como espacios clave para la transformaci\u00f3n social y ambiental.<\/span><\/p>\n<\/div>\n","protected":false},"excerpt":{"rendered":"<p><i>Estas actuaciones se han llevado a cabo gracias a los fondos del Plan de Sostenibilidad Tur\u00edstica en Destinos (PSTD)<\/i><\/p>\n","protected":false},"author":1,"featured_media":14489,"comment_status":"open","ping_status":"open","sticky":false,"template":"","format":"standard","meta":{"inline_featured_image":false,"jnews-multi-image_gallery":[],"jnews_single_post":[],"jnews_primary_category":[],"jnews_social_meta":[],"jnews_override_counter":[],"jnews_post_split":[],"footnotes":""},"categories":[63],"tags":[73],"class_list":["post-14487","post","type-post","status-publish","format-standard","has-post-thumbnail","hentry","category-pajara","tag-educacion"],"jetpack_featured_media_url":"https:\/\/informacionlocal.es\/wp-content\/uploads\/2025\/11\/imagen-de-whatsapp-2025-11-25-a-las-11-28-32_8febd316.jpg","_links":{"self":[{"href":"https:\/\/informacionlocal.es\/de\/wp-json\/wp\/v2\/posts\/14487","targetHints":{"allow":["GET"]}}],"collection":[{"href":"https:\/\/informacionlocal.es\/de\/wp-json\/wp\/v2\/posts"}],"about":[{"href":"https:\/\/informacionlocal.es\/de\/wp-json\/wp\/v2\/types\/post"}],"author":[{"embeddable":true,"href":"https:\/\/informacionlocal.es\/de\/wp-json\/wp\/v2\/users\/1"}],"replies":[{"embeddable":true,"href":"https:\/\/informacionlocal.es\/de\/wp-json\/wp\/v2\/comments?post=14487"}],"version-history":[{"count":0,"href":"https:\/\/informacionlocal.es\/de\/wp-json\/wp\/v2\/posts\/14487\/revisions"}],"wp:featuredmedia":[{"embeddable":true,"href":"https:\/\/informacionlocal.es\/de\/wp-json\/wp\/v2\/media\/14489"}],"wp:attachment":[{"href":"https:\/\/informacionlocal.es\/de\/wp-json\/wp\/v2\/media?parent=14487"}],"wp:term":[{"taxonomy":"category","embeddable":true,"href":"https:\/\/informacionlocal.es\/de\/wp-json\/wp\/v2\/categories?post=14487"},{"taxonomy":"post_tag","embeddable":true,"href":"https:\/\/informacionlocal.es\/de\/wp-json\/wp\/v2\/tags?post=14487"}],"curies":[{"name":"wp","href":"https:\/\/api.w.org\/{rel}","templated":true}]}}