{"id":14475,"date":"2025-11-25T00:58:48","date_gmt":"2025-11-25T00:58:48","guid":{"rendered":"https:\/\/informacionlocal.es\/el-pleno-de-puerto-del-rosario-aprueba-una-moratoria-de-dos-anos-en-la-tasa-de-terrazas-para-apoyar-al-sector-y-facilitar-la-adaptacion-normativa\/"},"modified":"2025-11-25T00:58:48","modified_gmt":"2025-11-25T00:58:48","slug":"el-pleno-de-puerto-del-rosario-aprueba-una-moratoria-de-dos-anos-en-la-tasa-de-terrazas-para-apoyar-al-sector-y-facilitar-la-adaptacion-normativa","status":"publish","type":"post","link":"https:\/\/informacionlocal.es\/de\/el-pleno-de-puerto-del-rosario-aprueba-una-moratoria-de-dos-anos-en-la-tasa-de-terrazas-para-apoyar-al-sector-y-facilitar-la-adaptacion-normativa\/","title":{"rendered":"El Pleno de Puerto del Rosario aprueba una moratoria de dos a\u00f1os en la tasa de terrazas para apoyar al sector y facilitar la adaptaci\u00f3n normativa"},"content":{"rendered":"<div class=\"entry-content\">\n<p>El Pleno municipal aprob\u00f3 esta tarde la <strong>exoneraci\u00f3n excepcional durante dos a\u00f1os de la tasa por ocupaci\u00f3n de v\u00eda p\u00fablica con terrazas<\/strong>, una medida del grupo de gobierno destinada a <strong>respaldar al sector hostelero y comercial<\/strong> y a permitir que los negocios dispongan de un margen suficiente para adaptarse a la nueva ordenanza reguladora.<\/p>\n<p>El alcalde, <strong>David de Vera<\/strong>, defendi\u00f3 que la moratoria responde a una l\u00f3gica de acompa\u00f1amiento y equilibrio entre ordenaci\u00f3n y actividad econ\u00f3mica: <em>\u201cAprobamos la exoneraci\u00f3n del pago durante dos a\u00f1os de la tasa de terraza, vinculada al obligado cumplimiento de las nuevas ordenanzas, para que los establecimientos tengan tiempo real de adaptaci\u00f3n\u201d.<\/em><\/p>\n<p>El Ayuntamiento record\u00f3 que la actualizaci\u00f3n de la norma de ocupaci\u00f3n del espacio p\u00fablico persigue <strong>mejorar la convivencia, ordenar el uso de las calles y reforzar la seguridad jur\u00eddica<\/strong> tanto para los negocios como para la ciudadan\u00eda. Sin embargo, el grupo de gobierno insisti\u00f3 en que esa modernizaci\u00f3n debe realizarse <strong>sin ahogar la actividad econ\u00f3mica<\/strong> ni penalizar a quienes generan empleo.<\/p>\n<p>En este sentido, el concejal de Econom\u00eda y Hacienda, <strong>Juan Manuel Verdugo<\/strong>, valor\u00f3 la moratoria aprobada como una herramienta \u00fatil para ordenar y apoyar al sector: <em>\u201cla suspensi\u00f3n de la aplicaci\u00f3n de la tasa va a permitir la regularizaci\u00f3n de terrazas, adem\u00e1s de favorecer el impulso econ\u00f3mico de un sector productivo fundamental dentro de nuestro municipio, y ello sin comprometer el marco de estabilidad presupuestaria al que est\u00e1 sujeta la Instituci\u00f3n\u201d.<\/em><\/p>\n<p>La concejala de Urbanismo y Planeamiento, <strong>Ana Hern\u00e1ndez<\/strong>, subray\u00f3 el sentido pr\u00e1ctico de la medida aprobada: <em>\u201cla nueva ordenanza busca poner orden y claridad, mejorando accesibilidad y convivencia. Con esta moratoria damos tiempo para adaptarse sin cargas a\u00f1adidas, porque queremos una regulaci\u00f3n justa y aplicable sin castigar al sector\u201d.<\/em><\/p>\n<p>El gobierno municipal destac\u00f3 que la moratoria <strong>no supuso una renuncia a la regulaci\u00f3n<\/strong>, sino una herramienta de transici\u00f3n responsable para que la aplicaci\u00f3n de la ordenanza se consolide <strong>con garant\u00edas, di\u00e1logo y apoyo a la econom\u00eda local<\/strong>.<\/p>\n<\/div>\n","protected":false},"excerpt":{"rendered":"<p>El Pleno municipal aprob\u00f3 esta tarde la exoneraci\u00f3n excepcional durante dos a\u00f1os de la tasa por ocupaci\u00f3n de v\u00eda p\u00fablica con terrazas, una medida del grupo de gobierno destinada a [&hellip;]<\/p>\n","protected":false},"author":1,"featured_media":14477,"comment_status":"open","ping_status":"open","sticky":false,"template":"","format":"standard","meta":{"inline_featured_image":false,"jnews-multi-image_gallery":[],"jnews_single_post":[],"jnews_primary_category":[],"jnews_social_meta":[],"jnews_override_counter":[],"jnews_post_split":[],"footnotes":""},"categories":[61],"tags":[],"class_list":["post-14475","post","type-post","status-publish","format-standard","has-post-thumbnail","hentry","category-puerto-del-rosario"],"jetpack_featured_media_url":"https:\/\/informacionlocal.es\/wp-content\/uploads\/2025\/11\/pleno-tt-terrazas.jpg","_links":{"self":[{"href":"https:\/\/informacionlocal.es\/de\/wp-json\/wp\/v2\/posts\/14475","targetHints":{"allow":["GET"]}}],"collection":[{"href":"https:\/\/informacionlocal.es\/de\/wp-json\/wp\/v2\/posts"}],"about":[{"href":"https:\/\/informacionlocal.es\/de\/wp-json\/wp\/v2\/types\/post"}],"author":[{"embeddable":true,"href":"https:\/\/informacionlocal.es\/de\/wp-json\/wp\/v2\/users\/1"}],"replies":[{"embeddable":true,"href":"https:\/\/informacionlocal.es\/de\/wp-json\/wp\/v2\/comments?post=14475"}],"version-history":[{"count":0,"href":"https:\/\/informacionlocal.es\/de\/wp-json\/wp\/v2\/posts\/14475\/revisions"}],"wp:featuredmedia":[{"embeddable":true,"href":"https:\/\/informacionlocal.es\/de\/wp-json\/wp\/v2\/media\/14477"}],"wp:attachment":[{"href":"https:\/\/informacionlocal.es\/de\/wp-json\/wp\/v2\/media?parent=14475"}],"wp:term":[{"taxonomy":"category","embeddable":true,"href":"https:\/\/informacionlocal.es\/de\/wp-json\/wp\/v2\/categories?post=14475"},{"taxonomy":"post_tag","embeddable":true,"href":"https:\/\/informacionlocal.es\/de\/wp-json\/wp\/v2\/tags?post=14475"}],"curies":[{"name":"wp","href":"https:\/\/api.w.org\/{rel}","templated":true}]}}